{"id":4143,"date":"2020-10-26T08:48:15","date_gmt":"2020-10-26T07:48:15","guid":{"rendered":"https:\/\/us.edu.pl\/wydzial\/wsne\/?p=4143"},"modified":"2020-10-26T08:49:00","modified_gmt":"2020-10-26T07:49:00","slug":"iii-surdokonferencja-codziennosc-osob-z-niepelnosprawnoscia-sluchu-relacja-z-konferencji","status":"publish","type":"post","link":"https:\/\/us.edu.pl\/wydzial\/wsne\/2020\/10\/26\/iii-surdokonferencja-codziennosc-osob-z-niepelnosprawnoscia-sluchu-relacja-z-konferencji\/","title":{"rendered":"III Surdokonferencja \u201eCodzienno\u015b\u0107 Os\u00f3b z niepe\u0142nosprawno\u015bci\u0105 s\u0142uchu\u201d &#8211; relacja z konferencji"},"content":{"rendered":"<p><span style=\"font-size: 14pt\">Pracownicy naszego Wydzia\u0142 Sztuki i Nauk o Edukacji,\u00a0 Instytutu Pedagogiki , cz\u0142onkowie Zespo\u0142u badawczego ds. studi\u00f3w nad niepe\u0142nosprawno\u015bci\u0105 s\u0142uchow\u0105 (prof. Milon Potmesil, dr Magdalena Be\u0142za-Gajdzica, dr Dorota Prysak, mgr Agata Ta\u0144ska, mgr Anna Wojtas-Rduch, mgr Iwona Donocik) wraz ze specjalnym O\u015brodkiem Szkolno-Wychowawczym dla os\u00f3b nies\u0142ysz\u0105cych i S\u0142abos\u0142ysz\u0105cych w Raciborzu zorganizowali Surdokonferencj\u0119 w ramach projektu badawczego\u00a0<em>Diagnoza edukacyjna os\u00f3b z niepe\u0142nosprawno\u015bci\u0105 s\u0142uchu \u2013 aspekty edukacyjne, terapeutyczne i spo\u0142eczne.\u00a0<\/em>Konferencja by\u0142a w ca\u0142o\u015bci t\u0142umaczona na j\u0119zyk migowy, przez co by\u0142a dost\u0119pna dla samych os\u00f3b g\u0142uchych i opr\u00f3cz walor\u00f3w naukowych mai\u0142a r\u00f3wnie\u017c na celu promocj\u0119 naszych kierunk\u00f3w studi\u00f3w Pedagogika os\u00f3b niepe\u0142nosprawnych w z arteterapi\u0105 na specjalno\u015bciach: surdopedagogika z arteterapi\u0105 i surdopedagogika i edukacja plastyczna.<\/span><\/p>\n<p><span style=\"font-size: 14pt\">Relacja z konferencji:<\/span><\/p>\n<p><iframe loading=\"lazy\" title=\"&quot;Codzienno\u015b\u0107 osoby z niepe\u0142nosprawno\u015bci\u0105 s\u0142uchu&quot;\" width=\"640\" height=\"360\" src=\"https:\/\/www.youtube.com\/embed\/58yAJtFJF7k?feature=oembed\" frameborder=\"0\" allow=\"accelerometer; autoplay; clipboard-write; encrypted-media; gyroscope; picture-in-picture\" allowfullscreen><\/iframe><\/p>\n<p>&nbsp;<\/p>\n<p>&nbsp;<\/p>","protected":false},"excerpt":{"rendered":"<p>Pracownicy naszego Wydzia\u0142 Sztuki i Nauk o Edukacji,\u00a0 Instytutu Pedagogiki , cz\u0142onkowie Zespo\u0142u badawczego ds. studi\u00f3w nad niepe\u0142nosprawno\u015bci\u0105 s\u0142uchow\u0105 (prof. Milon Potmesil, dr Magdalena Be\u0142za-Gajdzica, dr Dorota Prysak, mgr Agata Ta\u0144ska, mgr Anna Wojtas-Rduch, mgr Iwona Donocik) wraz ze specjalnym O\u015brodkiem Szkolno-Wychowawczym dla os\u00f3b nies\u0142ysz\u0105cych i S\u0142abos\u0142ysz\u0105cych w Raciborzu zorganizowali Surdokonferencj\u0119 w ramach projektu badawczego\u00a0Diagnoza [&#8230;]<\/p>\n<p><a class=\"btn btn-secondary understrap-read-more-link\" href=\"https:\/\/us.edu.pl\/wydzial\/wsne\/2020\/10\/26\/iii-surdokonferencja-codziennosc-osob-z-niepelnosprawnoscia-sluchu-relacja-z-konferencji\/\">Read More&#8230;<\/a><\/p>\n","protected":false},"author":110,"featured_media":0,"comment_status":"open","ping_status":"open","sticky":false,"template":"","format":"standard","meta":{"_expiration-date-status":"saved","_expiration-date":0,"_expiration-date-type":"","_expiration-date-categories":[],"_expiration-date-options":[]},"categories":[13,10],"tags":[],"acf":[],"_links":{"self":[{"href":"https:\/\/us.edu.pl\/wydzial\/wsne\/wp-json\/wp\/v2\/posts\/4143"}],"collection":[{"href":"https:\/\/us.edu.pl\/wydzial\/wsne\/wp-json\/wp\/v2\/posts"}],"about":[{"href":"https:\/\/us.edu.pl\/wydzial\/wsne\/wp-json\/wp\/v2\/types\/post"}],"author":[{"embeddable":true,"href":"https:\/\/us.edu.pl\/wydzial\/wsne\/wp-json\/wp\/v2\/users\/110"}],"replies":[{"embeddable":true,"href":"https:\/\/us.edu.pl\/wydzial\/wsne\/wp-json\/wp\/v2\/comments?post=4143"}],"version-history":[{"count":2,"href":"https:\/\/us.edu.pl\/wydzial\/wsne\/wp-json\/wp\/v2\/posts\/4143\/revisions"}],"predecessor-version":[{"id":4145,"href":"https:\/\/us.edu.pl\/wydzial\/wsne\/wp-json\/wp\/v2\/posts\/4143\/revisions\/4145"}],"wp:attachment":[{"href":"https:\/\/us.edu.pl\/wydzial\/wsne\/wp-json\/wp\/v2\/media?parent=4143"}],"wp:term":[{"taxonomy":"category","embeddable":true,"href":"https:\/\/us.edu.pl\/wydzial\/wsne\/wp-json\/wp\/v2\/categories?post=4143"},{"taxonomy":"post_tag","embeddable":true,"href":"https:\/\/us.edu.pl\/wydzial\/wsne\/wp-json\/wp\/v2\/tags?post=4143"}],"curies":[{"name":"wp","href":"https:\/\/api.w.org\/{rel}","templated":true}]}}