{"id":5111,"date":"2021-03-19T14:31:54","date_gmt":"2021-03-19T13:31:54","guid":{"rendered":"https:\/\/us.edu.pl\/wydzial\/wsne\/?p=5111"},"modified":"2021-03-19T14:31:54","modified_gmt":"2021-03-19T13:31:54","slug":"rekrutacja-na-wyjazdy-na-studia-zagraniczne-w-ramach-programu-erasmus","status":"publish","type":"post","link":"https:\/\/us.edu.pl\/wydzial\/wsne\/2021\/03\/19\/rekrutacja-na-wyjazdy-na-studia-zagraniczne-w-ramach-programu-erasmus\/","title":{"rendered":"Rekrutacja na wyjazdy na studia zagraniczne w ramach programu Erasmus+"},"content":{"rendered":"<p><span style=\"font-size: 14pt\">Szanowni Studenci<\/span><\/p>\n<p><span style=\"font-size: 14pt\"><strong>22 marca 2021 <\/strong>roku rozpocznie si\u0119 na naszym wydziale (WSiNE) rekrutacja na wyjazdy na studia zagraniczne w ramach programu Erasmus+.<\/span><\/p>\n<p><span style=\"font-size: 14pt\">Rekrutacja prowadzona jest w formie on-line w\u00a0 serwisie USOSweb, wszystkie zainteresowane osoby zach\u0119camy do zapoznania si\u0119 ze szczeg\u00f3\u0142ami na stronie erasmus.us.edu.pl <\/span><br \/>\n<span style=\"font-size: 14pt\">(w zak\u0142adce wyjazdy student\u00f3w), pomoc\u0105 s\u0142u\u017c\u0105 Wam r\u00f3wnie\u017c wydzia\u0142owi koordynatorzy:<\/span><\/p>\n<p><span style=\"font-size: 14pt\">dr Katarzyna Hilszcza\u0144ska \u2013 koordynatorka programu Erasmus ds. studento\u0301w i pracowniko\u0301w Instytutu Sztuk Plastycznych, kierunki dydaktyczne: grafika, edukacja artystyczna w zakresie sztuk plastycznych, projektowanie gier i przestrzeni wirtualnej, katarzyna.hilszczanska@us.edu.pl<\/span><\/p>\n<p><span style=\"font-size: 14pt\">dr Joanna Nowicka \u2013 koordynatorka programu Erasmus ds. studento\u0301w i pracowniko\u0301w Instytutu Sztuk Muzycznych, kierunki dydaktyczne: edukacja artystyczna w zakresie sztuki muzycznej, muzyka w multimediach, joanna.nowicka@us.edu.pl<\/span><\/p>\n<p><span style=\"font-size: 14pt\">dr Katarzyna Jas \u2013 koordynatorka programu Erasmus ds. studento\u0301w i pracowniko\u0301w Instytutu Pedagogiki, kierunki dydaktyczne: pedagogika, pedagogika przedszkolna i wczesnoszkolna, pedagogika specjalna, pedagogika oso\u0301b niepe\u0142nosprawnych z arteterapia\u0328, katarzyna.jas@us.edu.pl<\/span><\/p>\n<p><span style=\"font-size: 14pt\">mgr Ewa Cudzich \u2013 koordynatorka programu Erasmus ds. studento\u0301w i pracowniko\u0301w Instytutu Nauk o Kulturze, kierunki dydaktyczne: etnologia i antropologia kulturowa, animacja spo\u0142eczno-kulturalna z edukacja\u0328 kulturalna\u0328, edukacja kulturalna, ewa.cudzich@us.edu.pl<\/span><\/p>\n<p>&nbsp;<\/p>\n<p><span style=\"font-size: 14pt\"><strong>Rekrutacja zako\u0144czy si\u0119 8 kwietnia 2021 roku.<\/strong><\/span><\/p>","protected":false},"excerpt":{"rendered":"<p>Szanowni Studenci 22 marca 2021 roku rozpocznie si\u0119 na naszym wydziale (WSiNE) rekrutacja na wyjazdy na studia zagraniczne w ramach programu Erasmus+. Rekrutacja prowadzona jest w formie on-line w\u00a0 serwisie USOSweb, wszystkie zainteresowane osoby zach\u0119camy do zapoznania si\u0119 ze szczeg\u00f3\u0142ami na stronie erasmus.us.edu.pl (w zak\u0142adce wyjazdy student\u00f3w), pomoc\u0105 s\u0142u\u017c\u0105 Wam r\u00f3wnie\u017c wydzia\u0142owi koordynatorzy: dr Katarzyna [&#8230;]<\/p>\n<p><a class=\"btn btn-secondary understrap-read-more-link\" href=\"https:\/\/us.edu.pl\/wydzial\/wsne\/2021\/03\/19\/rekrutacja-na-wyjazdy-na-studia-zagraniczne-w-ramach-programu-erasmus\/\">Read More&#8230;<\/a><\/p>\n","protected":false},"author":110,"featured_media":5112,"comment_status":"open","ping_status":"open","sticky":false,"template":"","format":"standard","meta":{"_expiration-date-status":"saved","_expiration-date":0,"_expiration-date-type":"","_expiration-date-categories":[],"_expiration-date-options":[]},"categories":[13,14],"tags":[],"acf":[],"_links":{"self":[{"href":"https:\/\/us.edu.pl\/wydzial\/wsne\/wp-json\/wp\/v2\/posts\/5111"}],"collection":[{"href":"https:\/\/us.edu.pl\/wydzial\/wsne\/wp-json\/wp\/v2\/posts"}],"about":[{"href":"https:\/\/us.edu.pl\/wydzial\/wsne\/wp-json\/wp\/v2\/types\/post"}],"author":[{"embeddable":true,"href":"https:\/\/us.edu.pl\/wydzial\/wsne\/wp-json\/wp\/v2\/users\/110"}],"replies":[{"embeddable":true,"href":"https:\/\/us.edu.pl\/wydzial\/wsne\/wp-json\/wp\/v2\/comments?post=5111"}],"version-history":[{"count":1,"href":"https:\/\/us.edu.pl\/wydzial\/wsne\/wp-json\/wp\/v2\/posts\/5111\/revisions"}],"predecessor-version":[{"id":5113,"href":"https:\/\/us.edu.pl\/wydzial\/wsne\/wp-json\/wp\/v2\/posts\/5111\/revisions\/5113"}],"wp:featuredmedia":[{"embeddable":true,"href":"https:\/\/us.edu.pl\/wydzial\/wsne\/wp-json\/wp\/v2\/media\/5112"}],"wp:attachment":[{"href":"https:\/\/us.edu.pl\/wydzial\/wsne\/wp-json\/wp\/v2\/media?parent=5111"}],"wp:term":[{"taxonomy":"category","embeddable":true,"href":"https:\/\/us.edu.pl\/wydzial\/wsne\/wp-json\/wp\/v2\/categories?post=5111"},{"taxonomy":"post_tag","embeddable":true,"href":"https:\/\/us.edu.pl\/wydzial\/wsne\/wp-json\/wp\/v2\/tags?post=5111"}],"curies":[{"name":"wp","href":"https:\/\/api.w.org\/{rel}","templated":true}]}}