{"id":5792,"date":"2021-05-14T16:52:43","date_gmt":"2021-05-14T14:52:43","guid":{"rendered":"https:\/\/us.edu.pl\/wydzial\/wsne\/?p=5792"},"modified":"2021-05-14T16:57:51","modified_gmt":"2021-05-14T14:57:51","slug":"jubileuszowe-drzewo","status":"publish","type":"post","link":"https:\/\/us.edu.pl\/wydzial\/wsne\/2021\/05\/14\/jubileuszowe-drzewo\/","title":{"rendered":"Jubileuszowe drzewo"},"content":{"rendered":"<p>[vc_row css=&#8221;.vc_custom_1621004042076{background-color: #f2f2f2 !important;}&#8221;][vc_column width=&#8221;1\/4&#8243;][vc_raw_html]JTNDZGl2JTIwY2xhc3MlM0QlMjJoZWFkZXItbG9nbzElMjIlMjBzdHlsZSUzRCUyMnRleHQtYWxpZ24lM0ElMjBjZW50ZXIlM0IlMjBtYXJnaW4lM0ElMjAtMTAlMjBweCUzQiUyMiUzRSUwQSUwOSUzQ2ElMjBocmVmJTNEJTIyaHR0cHMlM0ElMkYlMkZ1cy5lZHUucGwlMkZ3eWR6aWFsJTJGd3NuZSUyRjUwLWxhdC11cy13LWNpZXN6eW5pZSUyMiUzRSUwQSUwOSUwOSUzQ2ltZyUyMHNyYyUzRCUyMmh0dHBzJTNBJTJGJTJGdXMuZWR1LnBsJTJGd3lkemlhbCUyRndzbmUlMkZ3cC1jb250ZW50JTJGdXBsb2FkcyUyRnNpdGVzJTJGMjAlMkY1MC1sYXQtVSUyNUM1JTI1OUEtdy1DaWVzenluaWUlMkZsb2dvLTUwLWxhdC1VJTI1QzUlMjU5QS13LUNpZXN6eW5pZS0xLWtvcGlhLTIuc3ZnJTIyJTIwY2xhc3MlM0QlMjJsb2dvLWtvbG9yJTIyJTIwYWx0JTNEJTIyTG9nbyUyMDUwJTIwbGF0JTIwVW5pd2Vyc3l0ZXR1JTIwJUM1JTlBbCVDNCU4NXNraWVnbyUyMHclMjBDaWVzenluaWUlMjIlMjB0aXRsZSUzRCUyMnN0cm9uYSUyMGp1YmlsZXVzem93YSUyMiUzRSUwQSUyMCUyMCUyMCUyMCUzQyUyRmElM0UlMEElMjAlMjAlMjAlMjAlM0NhJTIwaHJlZiUzRCUyMmh0dHBzJTNBJTJGJTJGdXMuZWR1LnBsJTJGd3lkemlhbCUyRndzbmUlMkY1MC1sYXQtdXMtdy1jaWVzenluaWUlMjIlM0UlMEElMjAlMjAlMjAlMjAlMjAlMjAlMjAlMjAlM0NpbWclMjBzcmMlM0QlMjJodHRwcyUzQSUyRiUyRnVzLmVkdS5wbCUyRnd5ZHppYWwlMkZ3c25lJTJGd3AtY29udGVudCUyRnVwbG9hZHMlMkZzaXRlcyUyRjIwJTJGNTAtbGF0LVUlQzUlOUEtdy1DaWVzenluaWUlMkZsb2dvLTUwLWxhdC1VJUM1JTlBLXctQ2llc3p5bmllLTEta29waWEtMi1ibGFjay5zdmclMjIlMjBjbGFzcyUzRCUyMmxvZ28tYmxhY2slMjIlMjBhbHQlM0QlMjI1MCUyMGxhdCUyMFVuaXdlcnN5dGV0dSUyMCVDNSU5QWwlQzQlODVza2llZ28lMjB3JTIwQ2llc3p5bmllJTIyJTIwdGl0bGUlM0QlMjJzdHJvbmElMjBqdWJpbGV1c3pvd2ElMjIlM0UlMEElMjAlMjAlMjAlMjAlM0MlMkZhJTNFJTBBJTIwJTIwJTIwJTIwJTNDYSUyMGhyZWYlM0QlMjJodHRwcyUzQSUyRiUyRnVzLmVkdS5wbCUyRnd5ZHppYWwlMkZ3c25lJTJGNTAtbGF0LXVzLXctY2llc3p5bmllJTIyJTNFJTBBJTA5JTA5JTNDaW1nJTIwc3JjJTNEJTIyaHR0cHMlM0ElMkYlMkZ1cy5lZHUucGwlMkZ3eWR6aWFsJTJGd3NuZSUyRndwLWNvbnRlbnQlMkZ1cGxvYWRzJTJGc2l0ZXMlMkYyMCUyRjUwLWxhdC1VJUM1JTlBLXctQ2llc3p5bmllJTJGbG9nby01MC1sYXQtVSVDNSU5QS13LUNpZXN6eW5pZS0xLWtvcGlhLTIteWVsbG93LnN2ZyUyMiUyMGNsYXNzJTNEJTIybG9nby15ZWxsb3clMjIlMjBhbHQlM0QlMjJMb2dvJTIwNTAlMjBsYXQlMjBVbml3ZXJzeXRldHUlMjAlQzUlOUFsJUM0JTg1c2tpZWdvJTIwdyUyMENpZXN6eW5pZSUyMiUyMHRpdGxlJTNEJTIyc3Ryb25hJTIwanViaWxldXN6b3dhJTIyJTNFJTBBJTIwJTIwJTIwJTIwJTNDJTJGYSUzRSUwQSUwOSUyMCUyMCUyMCUyMCUzQ2ElMjBocmVmJTNEJTIyaHR0cHMlM0ElMkYlMkZ1cy5lZHUucGwlMkZ3eWR6aWFsJTJGd3NuZSUyRjUwLWxhdC11cy13LWNpZXN6eW5pZSUyMiUzRSUwQSUwOSUwOSUzQ2ltZyUyMHNyYyUzRCUyMmh0dHBzJTNBJTJGJTJGdXMuZWR1LnBsJTJGd3lkemlhbCUyRndzbmUlMkZ3cC1jb250ZW50JTJGdXBsb2FkcyUyRnNpdGVzJTJGMjAlMkY1MC1sYXQtVSVDNSU5QS13LUNpZXN6eW5pZSUyRmxvZ28tNTAtbGF0LVUlQzUlOUEtdy1DaWVzenluaWUtMS1rb3BpYS0yLXdoaXRlLnN2ZyUyMiUyMGNsYXNzJTNEJTIybG9nby13aGl0ZSUyMiUyMGFsdCUzRCUyMkxvZ28lMjA1MCUyMGxhdCUyMFVuaXdlcnN5dGV0dSUyMCVDNSU5QWwlQzQlODVza2llZ28lMjB3JTIwQ2llc3p5bmllJTIyJTIwdGl0bGUlM0QlMjJzdHJvbmElMjBqdWJpbGV1c3pvd2ElMjIlM0UlMEElMjAlMjAlMjAlMjAlM0MlMkZhJTNFJTBBJTNDJTJGZGl2JTNFJTBB[\/vc_raw_html][\/vc_column][vc_column width=&#8221;1\/2&#8243;][\/vc_column][vc_column width=&#8221;1\/4&#8243;][\/vc_column][\/vc_row][vc_row][vc_column width=&#8221;1\/6&#8243;][\/vc_column][vc_column width=&#8221;2\/3&#8243;]\r\n                <div class=\"text-modules\">\r\n                    <div class=\"container\">\r\n                        \r\n                        <div class=\"text-modules__content\"><p>Inauguruj\u0105c obchody jubileuszu 50-lecia Uniwersytetu \u015al\u0105skiego w Cieszynie rektor uczelni prof. dr hab. Ryszard Kozio\u0142ek i dziekan Wydzia\u0142u Sztuki i Nauk o Edukacji dr hab. Krzysztof Marek B\u0105k, prof. U\u015a zasadzili na terenie cieszy\u0144skiego kampusu jubileuszowe drzewo. Tradycja sadzenia drzew, by upami\u0119tni\u0107 wa\u017cne wydarzenie, jest prastarym s\u0142owia\u0144skim zwyczajem. Zgodnie z nim po narodzinach ch\u0142opca sadzi si\u0119 d\u0105b, a po narodzinach dziewczynki lip\u0119. 50. urodziny Filii postanowili\u015bmy wi\u0119c uczci\u0107 sadz\u0105c na terenie kampusu jeden z rodzimych gatunk\u00f3w \u2013 lip\u0119 drobnolistn\u0105 (Tilia cordata).<\/p>\n<p>Historia lipy si\u0119ga 70\u00a0000 lat wstecz, a w naszym kr\u0119gu kulturowym lipom przypisywano od prawiek\u00f3w szczeg\u00f3lne znaczenie i otaczano je czci\u0105. S\u0105dzono, \u017ce nie uderzaj\u0105 w ni\u0105 pioruny, a jej miododajne kwiaty wykorzystywano w medycynie, m.in. przy leczeniu schorze\u0144 dr\u00f3g oddechowych, przezi\u0119bieniach czy gor\u0105czce. Wierzono, \u017ce odpoczynek w jej cieniu zapewnia wewn\u0119trzny spok\u00f3j, prorocze sny i zdrowie, a to wszystko dzi\u0119ki wydzielanym fitoncydom i dodatniej jonizacji powietrza.<\/p>\n<p>Pod koronami lip odprawiano s\u0105dy, rozstrzygano wszelkie spory, a w dawnych czasach zawierano ma\u0142\u017ce\u0144stwa. Lipa uwa\u017cana jest za symbol pojednania i przyja\u017ani. To drzewo patronuje artystom i zakochanym. Uznawana by\u0142a za drzewo b\u00f3stw mi\u0142o\u015bci i \u017cycia rodzinnego. By\u0142a tak\u017ce nieod\u0142\u0105cznym elementem \u015bwi\u0119tych gaj\u00f3w, gdzie odprawiano religijne obrz\u0119dy czy proszono o urodzaj. Lipa to d\u0142ugowieczne drzewo mog\u0105ce do\u017cy\u0107 ponad 1000 lat i dorosn\u0105\u0107 nawet do 40 metr\u00f3w wysoko\u015bci. Wierzymy, \u017ce tak b\u0119dzie, wszak to magiczne drzewo.<\/p>\n<\/div>\r\n                    <\/div>\r\n                <\/div>[\/vc_column][vc_column width=&#8221;1\/6&#8243;][\/vc_column][\/vc_row][vc_row][vc_column]            \r\n                \r\n                <div class=\"container\">\r\n                     <div class=\"gallery-big \">\r\n                        \r\n                        <div class=\"row m-0\">\r\n                        <a data-fancybox=\"2799\" href=\"https:\/\/us.edu.pl\/wydzial\/wsne\/wp-content\/uploads\/sites\/20\/50-lat-U\u015a-w-Cieszynie\/drzewo\/00_obrazek_wyr\u00f3\u017cniaj\u0105cy_sadzenie_lipy.jpg\"\r\n                        title=\"Rektor U\u015a prof. dr hab. Ryszard Kozio\u0142ek. Fot. Mateusz Taranowski \/ Wydzia\u0142 Szuki i Nauk o Edukacji\" \r\n                        class=\"gallery-big__item gallery-big__item_big thumbnail\"\r\n                        style=\"background-image: url(https:\/\/us.edu.pl\/wydzial\/wsne\/wp-content\/uploads\/sites\/20\/50-lat-U\u015a-w-Cieszynie\/drzewo\/00_obrazek_wyr\u00f3\u017cniaj\u0105cy_sadzenie_lipy.jpg)\"><span class=\"d-none\">https:\/\/us.edu.pl\/wydzial\/wsne\/wp-content\/uploads\/sites\/20\/50-lat-U\u015a-w-Cieszynie\/drzewo\/00_obrazek_wyr\u00f3\u017cniaj\u0105cy_sadzenie_lipy.jpg<\/span><\/a><div class=\"gallery-big__small-items\">\r\n                        <a data-fancybox=\"2799\" href=\"https:\/\/us.edu.pl\/wydzial\/wsne\/wp-content\/uploads\/sites\/20\/50-lat-U\u015a-w-Cieszynie\/drzewo\/01_sadzenie_lipy_rektor_i_dziekan.jpg\"\r\n                        title=\"Od lewej: rektor U\u015a prof. dr hab. Ryszard Kozio\u0142ek i dziekan Wydzia\u0142u Sztuki i Nauk o Edukacji dr hab. Krzysztof Marek B\u0105k.\nFot. Mateusz Taranowski \/ Wydzia\u0142 Szuki i Nauk o Edukacji\" \r\n                        class=\"gallery-big__item  thumbnail\"\r\n                        style=\"background-image: url(https:\/\/us.edu.pl\/wydzial\/wsne\/wp-content\/uploads\/sites\/20\/50-lat-U\u015a-w-Cieszynie\/drzewo\/01_sadzenie_lipy_rektor_i_dziekan.jpg)\"><span class=\"d-none\">https:\/\/us.edu.pl\/wydzial\/wsne\/wp-content\/uploads\/sites\/20\/50-lat-U\u015a-w-Cieszynie\/drzewo\/01_sadzenie_lipy_rektor_i_dziekan.jpg<\/span><\/a>\r\n                        <a data-fancybox=\"2799\" href=\"https:\/\/us.edu.pl\/wydzial\/wsne\/wp-content\/uploads\/sites\/20\/50-lat-U\u015a-w-Cieszynie\/drzewo\/02_sadzenie_lipy_burmistrz_i_starosta.jpg\"\r\n                        title=\"Burmistrz Cieszyna Gabriela Staszkiewicz, rektor U\u015a prof. dr hab. Ryszard Kozio\u0142ek. Fot. Mateusz Taranowski \/ Wydzia\u0142 Szuki i Nauk o Edukacji\" \r\n                        class=\"gallery-big__item  thumbnail\"\r\n                        style=\"background-image: url(https:\/\/us.edu.pl\/wydzial\/wsne\/wp-content\/uploads\/sites\/20\/50-lat-U\u015a-w-Cieszynie\/drzewo\/02_sadzenie_lipy_burmistrz_i_starosta.jpg)\"><span class=\"d-none\">https:\/\/us.edu.pl\/wydzial\/wsne\/wp-content\/uploads\/sites\/20\/50-lat-U\u015a-w-Cieszynie\/drzewo\/02_sadzenie_lipy_burmistrz_i_starosta.jpg<\/span><\/a><\/div><\/div><div class=\"row m-0\">\r\n                        <a data-fancybox=\"2799\" href=\"https:\/\/us.edu.pl\/wydzial\/wsne\/wp-content\/uploads\/sites\/20\/50-lat-U\u015a-w-Cieszynie\/drzewo\/02_sadzenie_lipy_prodziekanki.jpg\"\r\n                        title=\"Sadzenie drzewa. Fot. Mateusz Taranowski \/ Wydzia\u0142 Szuki i Nauk o Edukacji\" \r\n                        class=\"gallery-big__item gallery-big__item_big thumbnail\"\r\n                        style=\"background-image: url(https:\/\/us.edu.pl\/wydzial\/wsne\/wp-content\/uploads\/sites\/20\/50-lat-U\u015a-w-Cieszynie\/drzewo\/02_sadzenie_lipy_prodziekanki.jpg)\"><span class=\"d-none\">https:\/\/us.edu.pl\/wydzial\/wsne\/wp-content\/uploads\/sites\/20\/50-lat-U\u015a-w-Cieszynie\/drzewo\/02_sadzenie_lipy_prodziekanki.jpg<\/span><\/a><div class=\"gallery-big__small-items\">\r\n                        <a data-fancybox=\"2799\" href=\"https:\/\/us.edu.pl\/wydzial\/wsne\/wp-content\/uploads\/sites\/20\/50-lat-U\u015a-w-Cieszynie\/drzewo\/03_sadzenie_lipy_kierownik_DAG_i_wicekanclerz.jpg\"\r\n                        title=\"Sadzenie drzewa. Fot. Mateusz Taranowski \/ Wydzia\u0142 Szuki i Nauk o Edukacji\" \r\n                        class=\"gallery-big__item  thumbnail\"\r\n                        style=\"background-image: url(https:\/\/us.edu.pl\/wydzial\/wsne\/wp-content\/uploads\/sites\/20\/50-lat-U\u015a-w-Cieszynie\/drzewo\/03_sadzenie_lipy_kierownik_DAG_i_wicekanclerz.jpg)\"><span class=\"d-none\">https:\/\/us.edu.pl\/wydzial\/wsne\/wp-content\/uploads\/sites\/20\/50-lat-U\u015a-w-Cieszynie\/drzewo\/03_sadzenie_lipy_kierownik_DAG_i_wicekanclerz.jpg<\/span><\/a><\/div><\/div>\r\n                    <\/div>\r\n                <\/div>[\/vc_column][\/vc_row]<\/p>","protected":false},"excerpt":{"rendered":"<p>[vc_row css=&#8221;.vc_custom_1621004042076{background-color: #f2f2f2 !important;}&#8221;][vc_column width=&#8221;1\/4&#8243;][vc_raw_html]JTNDZGl2JTIwY2xhc3MlM0QlMjJoZWFkZXItbG9nbzElMjIlMjBzdHlsZSUzRCUyMnRleHQtYWxpZ24lM0ElMjBjZW50ZXIlM0IlMjBtYXJnaW4lM0ElMjAtMTAlMjBweCUzQiUyMiUzRSUwQSUwOSUzQ2ElMjBocmVmJTNEJTIyaHR0cHMlM0ElMkYlMkZ1cy5lZHUucGwlMkZ3eWR6aWFsJTJGd3NuZSUyRjUwLWxhdC11cy13LWNpZXN6eW5pZSUyMiUzRSUwQSUwOSUwOSUzQ2ltZyUyMHNyYyUzRCUyMmh0dHBzJTNBJTJGJTJGdXMuZWR1LnBsJTJGd3lkemlhbCUyRndzbmUlMkZ3cC1jb250ZW50JTJGdXBsb2FkcyUyRnNpdGVzJTJGMjAlMkY1MC1sYXQtVSUyNUM1JTI1OUEtdy1DaWVzenluaWUlMkZsb2dvLTUwLWxhdC1VJTI1QzUlMjU5QS13LUNpZXN6eW5pZS0xLWtvcGlhLTIuc3ZnJTIyJTIwY2xhc3MlM0QlMjJsb2dvLWtvbG9yJTIyJTIwYWx0JTNEJTIyTG9nbyUyMDUwJTIwbGF0JTIwVW5pd2Vyc3l0ZXR1JTIwJUM1JTlBbCVDNCU4NXNraWVnbyUyMHclMjBDaWVzenluaWUlMjIlMjB0aXRsZSUzRCUyMnN0cm9uYSUyMGp1YmlsZXVzem93YSUyMiUzRSUwQSUyMCUyMCUyMCUyMCUzQyUyRmElM0UlMEElMjAlMjAlMjAlMjAlM0NhJTIwaHJlZiUzRCUyMmh0dHBzJTNBJTJGJTJGdXMuZWR1LnBsJTJGd3lkemlhbCUyRndzbmUlMkY1MC1sYXQtdXMtdy1jaWVzenluaWUlMjIlM0UlMEElMjAlMjAlMjAlMjAlMjAlMjAlMjAlMjAlM0NpbWclMjBzcmMlM0QlMjJodHRwcyUzQSUyRiUyRnVzLmVkdS5wbCUyRnd5ZHppYWwlMkZ3c25lJTJGd3AtY29udGVudCUyRnVwbG9hZHMlMkZzaXRlcyUyRjIwJTJGNTAtbGF0LVUlQzUlOUEtdy1DaWVzenluaWUlMkZsb2dvLTUwLWxhdC1VJUM1JTlBLXctQ2llc3p5bmllLTEta29waWEtMi1ibGFjay5zdmclMjIlMjBjbGFzcyUzRCUyMmxvZ28tYmxhY2slMjIlMjBhbHQlM0QlMjI1MCUyMGxhdCUyMFVuaXdlcnN5dGV0dSUyMCVDNSU5QWwlQzQlODVza2llZ28lMjB3JTIwQ2llc3p5bmllJTIyJTIwdGl0bGUlM0QlMjJzdHJvbmElMjBqdWJpbGV1c3pvd2ElMjIlM0UlMEElMjAlMjAlMjAlMjAlM0MlMkZhJTNFJTBBJTIwJTIwJTIwJTIwJTNDYSUyMGhyZWYlM0QlMjJodHRwcyUzQSUyRiUyRnVzLmVkdS5wbCUyRnd5ZHppYWwlMkZ3c25lJTJGNTAtbGF0LXVzLXctY2llc3p5bmllJTIyJTNFJTBBJTA5JTA5JTNDaW1nJTIwc3JjJTNEJTIyaHR0cHMlM0ElMkYlMkZ1cy5lZHUucGwlMkZ3eWR6aWFsJTJGd3NuZSUyRndwLWNvbnRlbnQlMkZ1cGxvYWRzJTJGc2l0ZXMlMkYyMCUyRjUwLWxhdC1VJUM1JTlBLXctQ2llc3p5bmllJTJGbG9nby01MC1sYXQtVSVDNSU5QS13LUNpZXN6eW5pZS0xLWtvcGlhLTIteWVsbG93LnN2ZyUyMiUyMGNsYXNzJTNEJTIybG9nby15ZWxsb3clMjIlMjBhbHQlM0QlMjJMb2dvJTIwNTAlMjBsYXQlMjBVbml3ZXJzeXRldHUlMjAlQzUlOUFsJUM0JTg1c2tpZWdvJTIwdyUyMENpZXN6eW5pZSUyMiUyMHRpdGxlJTNEJTIyc3Ryb25hJTIwanViaWxldXN6b3dhJTIyJTNFJTBBJTIwJTIwJTIwJTIwJTNDJTJGYSUzRSUwQSUwOSUyMCUyMCUyMCUyMCUzQ2ElMjBocmVmJTNEJTIyaHR0cHMlM0ElMkYlMkZ1cy5lZHUucGwlMkZ3eWR6aWFsJTJGd3NuZSUyRjUwLWxhdC11cy13LWNpZXN6eW5pZSUyMiUzRSUwQSUwOSUwOSUzQ2ltZyUyMHNyYyUzRCUyMmh0dHBzJTNBJTJGJTJGdXMuZWR1LnBsJTJGd3lkemlhbCUyRndzbmUlMkZ3cC1jb250ZW50JTJGdXBsb2FkcyUyRnNpdGVzJTJGMjAlMkY1MC1sYXQtVSVDNSU5QS13LUNpZXN6eW5pZSUyRmxvZ28tNTAtbGF0LVUlQzUlOUEtdy1DaWVzenluaWUtMS1rb3BpYS0yLXdoaXRlLnN2ZyUyMiUyMGNsYXNzJTNEJTIybG9nby13aGl0ZSUyMiUyMGFsdCUzRCUyMkxvZ28lMjA1MCUyMGxhdCUyMFVuaXdlcnN5dGV0dSUyMCVDNSU5QWwlQzQlODVza2llZ28lMjB3JTIwQ2llc3p5bmllJTIyJTIwdGl0bGUlM0QlMjJzdHJvbmElMjBqdWJpbGV1c3pvd2ElMjIlM0UlMEElMjAlMjAlMjAlMjAlM0MlMkZhJTNFJTBBJTNDJTJGZGl2JTNFJTBB[\/vc_raw_html][\/vc_column][vc_column width=&#8221;1\/2&#8243;][\/vc_column][vc_column width=&#8221;1\/4&#8243;][\/vc_column][\/vc_row][vc_row][vc_column width=&#8221;1\/6&#8243;][\/vc_column][vc_column width=&#8221;2\/3&#8243;][\/vc_column][vc_column width=&#8221;1\/6&#8243;][\/vc_column][\/vc_row][vc_row][vc_column][\/vc_column][\/vc_row] [&#8230;]<\/p>\n<p><a class=\"btn btn-secondary understrap-read-more-link\" href=\"https:\/\/us.edu.pl\/wydzial\/wsne\/2021\/05\/14\/jubileuszowe-drzewo\/\">Read More&#8230;<\/a><\/p>\n","protected":false},"author":26,"featured_media":5794,"comment_status":"open","ping_status":"open","sticky":false,"template":"","format":"standard","meta":{"_expiration-date-status":"saved","_expiration-date":0,"_expiration-date-type":"","_expiration-date-categories":[],"_expiration-date-options":[]},"categories":[32],"tags":[33],"acf":[],"_links":{"self":[{"href":"https:\/\/us.edu.pl\/wydzial\/wsne\/wp-json\/wp\/v2\/posts\/5792"}],"collection":[{"href":"https:\/\/us.edu.pl\/wydzial\/wsne\/wp-json\/wp\/v2\/posts"}],"about":[{"href":"https:\/\/us.edu.pl\/wydzial\/wsne\/wp-json\/wp\/v2\/types\/post"}],"author":[{"embeddable":true,"href":"https:\/\/us.edu.pl\/wydzial\/wsne\/wp-json\/wp\/v2\/users\/26"}],"replies":[{"embeddable":true,"href":"https:\/\/us.edu.pl\/wydzial\/wsne\/wp-json\/wp\/v2\/comments?post=5792"}],"version-history":[{"count":5,"href":"https:\/\/us.edu.pl\/wydzial\/wsne\/wp-json\/wp\/v2\/posts\/5792\/revisions"}],"predecessor-version":[{"id":5803,"href":"https:\/\/us.edu.pl\/wydzial\/wsne\/wp-json\/wp\/v2\/posts\/5792\/revisions\/5803"}],"wp:featuredmedia":[{"embeddable":true,"href":"https:\/\/us.edu.pl\/wydzial\/wsne\/wp-json\/wp\/v2\/media\/5794"}],"wp:attachment":[{"href":"https:\/\/us.edu.pl\/wydzial\/wsne\/wp-json\/wp\/v2\/media?parent=5792"}],"wp:term":[{"taxonomy":"category","embeddable":true,"href":"https:\/\/us.edu.pl\/wydzial\/wsne\/wp-json\/wp\/v2\/categories?post=5792"},{"taxonomy":"post_tag","embeddable":true,"href":"https:\/\/us.edu.pl\/wydzial\/wsne\/wp-json\/wp\/v2\/tags?post=5792"}],"curies":[{"name":"wp","href":"https:\/\/api.w.org\/{rel}","templated":true}]}}