{"id":6471,"date":"2021-10-04T15:44:06","date_gmt":"2021-10-04T13:44:06","guid":{"rendered":"https:\/\/us.edu.pl\/wydzial\/wsne\/?p=6471"},"modified":"2021-10-04T15:44:06","modified_gmt":"2021-10-04T13:44:06","slug":"50-km-na-50-lecie-filii-us-w-cieszynie","status":"publish","type":"post","link":"https:\/\/us.edu.pl\/wydzial\/wsne\/2021\/10\/04\/50-km-na-50-lecie-filii-us-w-cieszynie\/","title":{"rendered":"50 km na 50-lecie Filii U\u015a w Cieszynie!"},"content":{"rendered":"<p><span style=\"font-size: 12pt;\">Karolina Fojcik-Pustelnik pracownik Wydzia\u0142u Sztuki i Nauk o Edukacji w minion\u0105 niedziel\u0119, postanowi\u0142a w nietypowy spos\u00f3b uczci\u0107 okr\u0105g\u0142y jubileusz 50 lecia swojego miejsca pracy czyli istnienia Filii Uniwersytetu \u015al\u0105skiego w Cieszynie.<\/span><br \/>\n<span style=\"font-size: 12pt;\">Z okazji 50 tych urodzin U\u015a w Cieszynie, Karolina postanowi\u0142a przebiec 50 km.<\/span><br \/>\n<span style=\"font-size: 12pt;\">Silesia Maraton, kt\u00f3ry odby\u0142 si\u0119 3.10.2021, oferuje mo\u017cliwo\u015b\u0107 wybrania opcji przebiegni\u0119cia dystansu p\u00f3\u0142maratonu, maratonu lub ultramaratonu, czyli w tym przypadku 50 km. Karolina podczas Silesia Maraton w 2017 roku, zdoby\u0142a I miejsce w\u015br\u00f3d pracownik\u00f3w U\u015a biegn\u0105cy na trasie p\u00f3\u0142maratonu czyli 21, 0975 km, lecz wiadomo \u017ce apetyt ro\u015bnie w miar\u0119 jedzenia i tym razem, bladym \u015bwitem podj\u0119\u0142a si\u0119 wyzwania znacznie wi\u0119kszego. W towarzystwie 324 innych biegaczy ruszy\u0142a z Stadionu \u015al\u0105skiego, by po niespe\u0142na 5 godzinach jako 18 kobieta na tym dystansie wbiec na niego ponownie.<\/span><br \/>\n<span style=\"font-size: 12pt;\">To si\u0119 nazywa \u015bwi\u0119towanie<\/span><br \/>\n<span style=\"font-size: 12pt;\">50 km na 50 lecie U\u015a w Cieszynie, czy kto\u015b jeszcze podejmie wyzwanie?<\/span><\/p>\n<p><a href=\"https:\/\/us.edu.pl\/wydzial\/wsne\/wp-content\/uploads\/sites\/20\/Nieprzypisane\/IMG_20211003_162423.jpg\"><img class=\"aligncenter size-large wp-image-6473\" src=\"https:\/\/us.edu.pl\/wydzial\/wsne\/wp-content\/uploads\/sites\/20\/Nieprzypisane\/IMG_20211003_162423-760x1024.jpg\" alt=\"\" width=\"640\" height=\"862\" srcset=\"https:\/\/us.edu.pl\/wydzial\/wsne\/wp-content\/uploads\/sites\/20\/Nieprzypisane\/IMG_20211003_162423-760x1024.jpg 760w, https:\/\/us.edu.pl\/wydzial\/wsne\/wp-content\/uploads\/sites\/20\/Nieprzypisane\/IMG_20211003_162423-223x300.jpg 223w, https:\/\/us.edu.pl\/wydzial\/wsne\/wp-content\/uploads\/sites\/20\/Nieprzypisane\/IMG_20211003_162423-768x1034.jpg 768w, https:\/\/us.edu.pl\/wydzial\/wsne\/wp-content\/uploads\/sites\/20\/Nieprzypisane\/IMG_20211003_162423-427x575.jpg 427w, https:\/\/us.edu.pl\/wydzial\/wsne\/wp-content\/uploads\/sites\/20\/Nieprzypisane\/IMG_20211003_162423.jpg 1500w\" sizes=\"(max-width: 640px) 100vw, 640px\" \/><\/a><\/p>","protected":false},"excerpt":{"rendered":"<p>Karolina Fojcik-Pustelnik pracownik Wydzia\u0142u Sztuki i Nauk o Edukacji w minion\u0105 niedziel\u0119, postanowi\u0142a w nietypowy spos\u00f3b uczci\u0107 okr\u0105g\u0142y jubileusz 50 lecia swojego miejsca pracy czyli istnienia Filii Uniwersytetu \u015al\u0105skiego w Cieszynie. Z okazji 50 tych urodzin U\u015a w Cieszynie, Karolina postanowi\u0142a przebiec 50 km. Silesia Maraton, kt\u00f3ry odby\u0142 si\u0119 3.10.2021, oferuje mo\u017cliwo\u015b\u0107 wybrania opcji przebiegni\u0119cia [&#8230;]<\/p>\n<p><a class=\"btn btn-secondary understrap-read-more-link\" href=\"https:\/\/us.edu.pl\/wydzial\/wsne\/2021\/10\/04\/50-km-na-50-lecie-filii-us-w-cieszynie\/\">Read More&#8230;<\/a><\/p>\n","protected":false},"author":111,"featured_media":6472,"comment_status":"open","ping_status":"open","sticky":false,"template":"","format":"standard","meta":{"_expiration-date-status":"saved","_expiration-date":0,"_expiration-date-type":"","_expiration-date-categories":[],"_expiration-date-options":[]},"categories":[10],"tags":[],"acf":[],"_links":{"self":[{"href":"https:\/\/us.edu.pl\/wydzial\/wsne\/wp-json\/wp\/v2\/posts\/6471"}],"collection":[{"href":"https:\/\/us.edu.pl\/wydzial\/wsne\/wp-json\/wp\/v2\/posts"}],"about":[{"href":"https:\/\/us.edu.pl\/wydzial\/wsne\/wp-json\/wp\/v2\/types\/post"}],"author":[{"embeddable":true,"href":"https:\/\/us.edu.pl\/wydzial\/wsne\/wp-json\/wp\/v2\/users\/111"}],"replies":[{"embeddable":true,"href":"https:\/\/us.edu.pl\/wydzial\/wsne\/wp-json\/wp\/v2\/comments?post=6471"}],"version-history":[{"count":1,"href":"https:\/\/us.edu.pl\/wydzial\/wsne\/wp-json\/wp\/v2\/posts\/6471\/revisions"}],"predecessor-version":[{"id":6474,"href":"https:\/\/us.edu.pl\/wydzial\/wsne\/wp-json\/wp\/v2\/posts\/6471\/revisions\/6474"}],"wp:featuredmedia":[{"embeddable":true,"href":"https:\/\/us.edu.pl\/wydzial\/wsne\/wp-json\/wp\/v2\/media\/6472"}],"wp:attachment":[{"href":"https:\/\/us.edu.pl\/wydzial\/wsne\/wp-json\/wp\/v2\/media?parent=6471"}],"wp:term":[{"taxonomy":"category","embeddable":true,"href":"https:\/\/us.edu.pl\/wydzial\/wsne\/wp-json\/wp\/v2\/categories?post=6471"},{"taxonomy":"post_tag","embeddable":true,"href":"https:\/\/us.edu.pl\/wydzial\/wsne\/wp-json\/wp\/v2\/tags?post=6471"}],"curies":[{"name":"wp","href":"https:\/\/api.w.org\/{rel}","templated":true}]}}