{"id":6760,"date":"2021-10-29T13:46:40","date_gmt":"2021-10-29T11:46:40","guid":{"rendered":"https:\/\/us.edu.pl\/wydzial\/wsne\/?p=6760"},"modified":"2021-11-10T09:29:08","modified_gmt":"2021-11-10T08:29:08","slug":"rozmowy-z-mistrzami-prof-dr-hab-wojciech-kojs","status":"publish","type":"post","link":"https:\/\/us.edu.pl\/wydzial\/wsne\/2021\/10\/29\/rozmowy-z-mistrzami-prof-dr-hab-wojciech-kojs\/","title":{"rendered":"Rozmowy z Mistrzami: prof. dr hab. Wojciech Kojs"},"content":{"rendered":"<p>[vc_row][vc_column][vc_column_text]<span style=\"font-size: 12pt;\">Zach\u0119camy do obejrzenia kolejnej cz\u0119\u015bci naszego jubileuszowego cyklu &#8222;Rozmowy z Mistrzami&#8221;. Bohaterem tego wywiadu jest prof. Wojciech Kojs, kt\u00f3ry by\u0142 i jest mistrzem dla wielu nauczycieli akademickich, kt\u00f3rym wskazywa\u0142 nowe drogi i niestereotypowe sposoby my\u015blenia o nauce, pedagogice i edukacji. Mimo przej\u015bcia na emerytur\u0119, pozostaje w \u015bcis\u0142ych kontaktach ze swoimi uczniami i wsp\u00f3\u0142pracownikami, w miar\u0119 potrzeby wspieraj\u0105c ich poczynania naukowe i dydaktyczne.<\/span><br \/>\n<span style=\"font-size: 12pt;\">Z okazji 50-lecia Filii U\u015a w Cieszynie, rozmow\u0119 z mistrzem przeprowadzi\u0142a dr hab. Beata Oelszlaeger-Kosturek, prof. U\u015a.<\/span><\/p>\n<p><span style=\"font-size: 12pt;\">Prof. dr hab. Wojciech Kojs sprawowa\u0142 funkcj\u0119 Pe\u0142nomocnika Rektora ds. Filii Uniwersytetu \u015al\u0105skiego w Cieszynie w latach 1982-1990. Pe\u0142ni\u0142 tak\u017ce funkcje &#8211; Dyrektora Instytutu Teorii Kszta\u0142cenia, Instytutu Pedagogiki, Mi\u0119dzynarodowej Szko\u0142y Nauk o Edukacji (nowej struktury Filii) oraz Kierownika Zak\u0142adu Teorii Kszta\u0142cenia i Zak\u0142adu Dydaktyki Og\u00f3lnej. Mia\u0142 znacz\u0105cy wp\u0142yw na kszta\u0142t oraz rozw\u00f3j pedagogiki w Filii w Cieszynie.<\/span>[\/vc_column_text][\/vc_column][\/vc_row][vc_row][vc_column][vc_video link=&#8221;https:\/\/www.youtube.com\/watch?v=FOq9NQhPSt0&#8243;][\/vc_column][\/vc_row]<\/p>","protected":false},"excerpt":{"rendered":"<p>[vc_row][vc_column][vc_column_text]Zach\u0119camy do obejrzenia kolejnej cz\u0119\u015bci naszego jubileuszowego cyklu &#8222;Rozmowy z Mistrzami&#8221;. Bohaterem tego wywiadu jest prof. Wojciech Kojs, kt\u00f3ry by\u0142 i jest mistrzem dla wielu nauczycieli akademickich, kt\u00f3rym wskazywa\u0142 nowe drogi i niestereotypowe sposoby my\u015blenia o nauce, pedagogice i edukacji. Mimo przej\u015bcia na emerytur\u0119, pozostaje w \u015bcis\u0142ych kontaktach ze swoimi uczniami i wsp\u00f3\u0142pracownikami, w miar\u0119 [&#8230;]<\/p>\n<p><a class=\"btn btn-secondary understrap-read-more-link\" href=\"https:\/\/us.edu.pl\/wydzial\/wsne\/2021\/10\/29\/rozmowy-z-mistrzami-prof-dr-hab-wojciech-kojs\/\">Read More&#8230;<\/a><\/p>\n","protected":false},"author":110,"featured_media":6873,"comment_status":"open","ping_status":"open","sticky":false,"template":"","format":"standard","meta":{"_expiration-date-status":"saved","_expiration-date":0,"_expiration-date-type":"","_expiration-date-categories":[],"_expiration-date-options":[]},"categories":[31,32,13,10],"tags":[],"acf":[],"_links":{"self":[{"href":"https:\/\/us.edu.pl\/wydzial\/wsne\/wp-json\/wp\/v2\/posts\/6760"}],"collection":[{"href":"https:\/\/us.edu.pl\/wydzial\/wsne\/wp-json\/wp\/v2\/posts"}],"about":[{"href":"https:\/\/us.edu.pl\/wydzial\/wsne\/wp-json\/wp\/v2\/types\/post"}],"author":[{"embeddable":true,"href":"https:\/\/us.edu.pl\/wydzial\/wsne\/wp-json\/wp\/v2\/users\/110"}],"replies":[{"embeddable":true,"href":"https:\/\/us.edu.pl\/wydzial\/wsne\/wp-json\/wp\/v2\/comments?post=6760"}],"version-history":[{"count":2,"href":"https:\/\/us.edu.pl\/wydzial\/wsne\/wp-json\/wp\/v2\/posts\/6760\/revisions"}],"predecessor-version":[{"id":6764,"href":"https:\/\/us.edu.pl\/wydzial\/wsne\/wp-json\/wp\/v2\/posts\/6760\/revisions\/6764"}],"wp:featuredmedia":[{"embeddable":true,"href":"https:\/\/us.edu.pl\/wydzial\/wsne\/wp-json\/wp\/v2\/media\/6873"}],"wp:attachment":[{"href":"https:\/\/us.edu.pl\/wydzial\/wsne\/wp-json\/wp\/v2\/media?parent=6760"}],"wp:term":[{"taxonomy":"category","embeddable":true,"href":"https:\/\/us.edu.pl\/wydzial\/wsne\/wp-json\/wp\/v2\/categories?post=6760"},{"taxonomy":"post_tag","embeddable":true,"href":"https:\/\/us.edu.pl\/wydzial\/wsne\/wp-json\/wp\/v2\/tags?post=6760"}],"curies":[{"name":"wp","href":"https:\/\/api.w.org\/{rel}","templated":true}]}}