{"id":6790,"date":"2021-11-05T13:49:09","date_gmt":"2021-11-05T12:49:09","guid":{"rendered":"https:\/\/us.edu.pl\/wydzial\/wsne\/?p=6790"},"modified":"2021-11-05T13:49:09","modified_gmt":"2021-11-05T12:49:09","slug":"p-books-wyd-iii-od-projektu-do-czytania","status":"publish","type":"post","link":"https:\/\/us.edu.pl\/wydzial\/wsne\/2021\/11\/05\/p-books-wyd-iii-od-projektu-do-czytania\/","title":{"rendered":"P-books  wyd. III  Od projektu do czytania"},"content":{"rendered":"<p>[vc_row][vc_column][vc_column_text]<span style=\"font-size: 12pt;\">\u201eP-books \/ wyd. III \/ Od projektu do czytania\u201d wystawa \u00a0pracownik\u00f3w\/czek i student\u00f3w\/ek specjalno\u015bci projektowej Wydzia\u0142u \u00a0Sztuki i Nauk o Edukacji Uniwersytetu \u015al\u0105skiego. Arty\u015bci podziel\u0105 si\u0119 \u00a0z widzami projektami i prototypami ksi\u0105\u017cek, kt\u00f3re przygotowali i \u00a0zaprosz\u0105 do wsp\u00f3lnego czytania. Ksi\u0105\u017cka jest czym\u015b, co towarzyszy nam \u00a0od najm\u0142odszych lat, jest przedmiotem pe\u0142nym magii, pozwala si\u0119 nam \u00a0przenie\u015b\u0107 w inny czas, a nawet w inny \u015bwiat. Pozwala prze\u017cy\u0107 przygody, \u00a0bez opuszczania wygodnego fotela. Jest tak\u017ce naszym narz\u0119dziem pracy \u2013 \u00a0to dzi\u0119ki wiedzy zapisanej w ksi\u0105\u017ckach uczymy si\u0119 i rozwijamy. Ale \u00a0ksi\u0105\u017cka jest tak\u017ce pi\u0119knym przedmiotem, kt\u00f3ry cz\u0119sto nas zachwyca, a \u00a0to dzi\u0119ki pracy projektant\u00f3w i ilustrator\u00f3w. Na wystawie zobaczymy \u00a0realizacje projektowe, gotowe ksi\u0105\u017cki, powie\u015bci graficzne i szkice. \u00a0B\u0119dziemy mogli pozna\u0107 warsztat projektanta\/ki i pozna\u0107 inspiracje \u00a0tw\u00f3rc\u00f3w i tw\u00f3rczy\u0144. Wystawa towarzyszy obchodom 50 lat obecno\u015bci U\u015a w \u00a0Cieszynie. Kuratorzy wystawy: Barbara G\u0142yda, Stefan Lechwar, Tomasz \u00a0Kipka. Wernisa\u017c 27.10.2021 godz.18.00. Wystawa potrwa do ko\u0144ca roku 2021. \u00a0Zapraszamy do Galerii 12 w Cieszy\u0144skim O\u015brodku Kultury \u201eDom Narodowy\u201d.<\/span>[\/vc_column_text][\/vc_column][\/vc_row][vc_row][vc_column]            \r\n                    <div class=\"container\">\r\n                        <div class=\"gallery gallery_4\" data-images-in-row=\"4\">\r\n                            \r\n                            <div class=\"row m-0\">\r\n                                <a data-fancybox-group=\"button\" title=\"Wystawa pracownik\u00f3w\/czek i student\u00f3w\/ek\" data-fancybox=\"8677\" href=\"https:\/\/us.edu.pl\/wydzial\/wsne\/wp-content\/uploads\/sites\/20\/Nieprzypisane\/wystawa-pracownik\u00f3wczek-i-student\u00f3wek-1.jpg\" class=\"gallery__item thumbnail\"\r\n                                    style=\"background-image: url(https:\/\/us.edu.pl\/wydzial\/wsne\/wp-content\/uploads\/sites\/20\/Nieprzypisane\/wystawa-pracownik\u00f3wczek-i-student\u00f3wek-1.jpg)\"> <span class=\"d-none\">https:\/\/us.edu.pl\/wydzial\/wsne\/wp-content\/uploads\/sites\/20\/Nieprzypisane\/wystawa-pracownik\u00f3wczek-i-student\u00f3wek-1.jpg<\/span> <\/a><a data-fancybox-group=\"button\" title=\"Wystawa pracownik\u00f3w\/czek i student\u00f3w\/ek\" data-fancybox=\"8677\" href=\"https:\/\/us.edu.pl\/wydzial\/wsne\/wp-content\/uploads\/sites\/20\/Nieprzypisane\/wystawa-pracownik\u00f3wczek-i-student\u00f3wek-2.jpg\" class=\"gallery__item thumbnail\"\r\n                                    style=\"background-image: url(https:\/\/us.edu.pl\/wydzial\/wsne\/wp-content\/uploads\/sites\/20\/Nieprzypisane\/wystawa-pracownik\u00f3wczek-i-student\u00f3wek-2.jpg)\"> <span class=\"d-none\">https:\/\/us.edu.pl\/wydzial\/wsne\/wp-content\/uploads\/sites\/20\/Nieprzypisane\/wystawa-pracownik\u00f3wczek-i-student\u00f3wek-2.jpg<\/span> <\/a><a data-fancybox-group=\"button\" title=\"Wystawa pracownik\u00f3w\/czek i student\u00f3w\/ek\" data-fancybox=\"8677\" href=\"https:\/\/us.edu.pl\/wydzial\/wsne\/wp-content\/uploads\/sites\/20\/Nieprzypisane\/wystawa-pracownik\u00f3wczek-i-student\u00f3wek-3.jpg\" class=\"gallery__item thumbnail\"\r\n                                    style=\"background-image: url(https:\/\/us.edu.pl\/wydzial\/wsne\/wp-content\/uploads\/sites\/20\/Nieprzypisane\/wystawa-pracownik\u00f3wczek-i-student\u00f3wek-3.jpg)\"> <span class=\"d-none\">https:\/\/us.edu.pl\/wydzial\/wsne\/wp-content\/uploads\/sites\/20\/Nieprzypisane\/wystawa-pracownik\u00f3wczek-i-student\u00f3wek-3.jpg<\/span> <\/a><a data-fancybox-group=\"button\" title=\"Wystawa pracownik\u00f3w\/czek i student\u00f3w\/ek\" data-fancybox=\"8677\" href=\"https:\/\/us.edu.pl\/wydzial\/wsne\/wp-content\/uploads\/sites\/20\/Nieprzypisane\/wystawa-pracownik\u00f3wczek-i-student\u00f3wek-4.jpg\" class=\"gallery__item thumbnail\"\r\n                                    style=\"background-image: url(https:\/\/us.edu.pl\/wydzial\/wsne\/wp-content\/uploads\/sites\/20\/Nieprzypisane\/wystawa-pracownik\u00f3wczek-i-student\u00f3wek-4.jpg)\"> <span class=\"d-none\">https:\/\/us.edu.pl\/wydzial\/wsne\/wp-content\/uploads\/sites\/20\/Nieprzypisane\/wystawa-pracownik\u00f3wczek-i-student\u00f3wek-4.jpg<\/span> <\/a><a data-fancybox-group=\"button\" title=\"Wystawa pracownik\u00f3w\/czek i student\u00f3w\/ek\" data-fancybox=\"8677\" href=\"https:\/\/us.edu.pl\/wydzial\/wsne\/wp-content\/uploads\/sites\/20\/Nieprzypisane\/wystawa-pracownik\u00f3wczek-i-student\u00f3wek-5.jpg\" class=\"gallery__item thumbnail\"\r\n                                    style=\"background-image: url(https:\/\/us.edu.pl\/wydzial\/wsne\/wp-content\/uploads\/sites\/20\/Nieprzypisane\/wystawa-pracownik\u00f3wczek-i-student\u00f3wek-5.jpg)\"> <span class=\"d-none\">https:\/\/us.edu.pl\/wydzial\/wsne\/wp-content\/uploads\/sites\/20\/Nieprzypisane\/wystawa-pracownik\u00f3wczek-i-student\u00f3wek-5.jpg<\/span> <\/a><a data-fancybox-group=\"button\" title=\"Wystawa pracownik\u00f3w\/czek i student\u00f3w\/ek\" data-fancybox=\"8677\" href=\"https:\/\/us.edu.pl\/wydzial\/wsne\/wp-content\/uploads\/sites\/20\/Nieprzypisane\/wystawa-pracownik\u00f3wczek-i-student\u00f3wek-6.jpg\" class=\"gallery__item thumbnail\"\r\n                                    style=\"background-image: url(https:\/\/us.edu.pl\/wydzial\/wsne\/wp-content\/uploads\/sites\/20\/Nieprzypisane\/wystawa-pracownik\u00f3wczek-i-student\u00f3wek-6.jpg)\"> <span class=\"d-none\">https:\/\/us.edu.pl\/wydzial\/wsne\/wp-content\/uploads\/sites\/20\/Nieprzypisane\/wystawa-pracownik\u00f3wczek-i-student\u00f3wek-6.jpg<\/span> <\/a><a data-fancybox-group=\"button\" title=\"Wystawa pracownik\u00f3w\/czek i student\u00f3w\/ek\" data-fancybox=\"8677\" href=\"https:\/\/us.edu.pl\/wydzial\/wsne\/wp-content\/uploads\/sites\/20\/Nieprzypisane\/wystawa-pracownik\u00f3wczek-i-student\u00f3wek-7.jpg\" class=\"gallery__item thumbnail\"\r\n                                    style=\"background-image: url(https:\/\/us.edu.pl\/wydzial\/wsne\/wp-content\/uploads\/sites\/20\/Nieprzypisane\/wystawa-pracownik\u00f3wczek-i-student\u00f3wek-7.jpg)\"> <span class=\"d-none\">https:\/\/us.edu.pl\/wydzial\/wsne\/wp-content\/uploads\/sites\/20\/Nieprzypisane\/wystawa-pracownik\u00f3wczek-i-student\u00f3wek-7.jpg<\/span> <\/a><a data-fancybox-group=\"button\" title=\"Wystawa pracownik\u00f3w\/czek i student\u00f3w\/ek\" data-fancybox=\"8677\" href=\"https:\/\/us.edu.pl\/wydzial\/wsne\/wp-content\/uploads\/sites\/20\/Nieprzypisane\/wystawa-pracownik\u00f3wczek-i-student\u00f3wek-8.jpg\" class=\"gallery__item thumbnail\"\r\n                                    style=\"background-image: url(https:\/\/us.edu.pl\/wydzial\/wsne\/wp-content\/uploads\/sites\/20\/Nieprzypisane\/wystawa-pracownik\u00f3wczek-i-student\u00f3wek-8.jpg)\"> <span class=\"d-none\">https:\/\/us.edu.pl\/wydzial\/wsne\/wp-content\/uploads\/sites\/20\/Nieprzypisane\/wystawa-pracownik\u00f3wczek-i-student\u00f3wek-8.jpg<\/span> <\/a><a data-fancybox-group=\"button\" title=\"Wystawa pracownik\u00f3w\/czek i student\u00f3w\/ek\" data-fancybox=\"8677\" href=\"https:\/\/us.edu.pl\/wydzial\/wsne\/wp-content\/uploads\/sites\/20\/Nieprzypisane\/wystawa-pracownik\u00f3wczek-i-student\u00f3wek-9.jpg\" class=\"gallery__item thumbnail\"\r\n                                    style=\"background-image: url(https:\/\/us.edu.pl\/wydzial\/wsne\/wp-content\/uploads\/sites\/20\/Nieprzypisane\/wystawa-pracownik\u00f3wczek-i-student\u00f3wek-9.jpg)\"> <span class=\"d-none\">https:\/\/us.edu.pl\/wydzial\/wsne\/wp-content\/uploads\/sites\/20\/Nieprzypisane\/wystawa-pracownik\u00f3wczek-i-student\u00f3wek-9.jpg<\/span> <\/a><a data-fancybox-group=\"button\" title=\"Wystawa pracownik\u00f3w\/czek i student\u00f3w\/ek\" data-fancybox=\"8677\" href=\"https:\/\/us.edu.pl\/wydzial\/wsne\/wp-content\/uploads\/sites\/20\/Nieprzypisane\/wystawa-pracownik\u00f3wczek-i-student\u00f3wek-10.jpg\" class=\"gallery__item thumbnail\"\r\n                                    style=\"background-image: url(https:\/\/us.edu.pl\/wydzial\/wsne\/wp-content\/uploads\/sites\/20\/Nieprzypisane\/wystawa-pracownik\u00f3wczek-i-student\u00f3wek-10.jpg)\"> <span class=\"d-none\">https:\/\/us.edu.pl\/wydzial\/wsne\/wp-content\/uploads\/sites\/20\/Nieprzypisane\/wystawa-pracownik\u00f3wczek-i-student\u00f3wek-10.jpg<\/span> <\/a><a data-fancybox-group=\"button\" title=\"Wystawa pracownik\u00f3w\/czek i student\u00f3w\/ek\" data-fancybox=\"8677\" href=\"https:\/\/us.edu.pl\/wydzial\/wsne\/wp-content\/uploads\/sites\/20\/Nieprzypisane\/wystawa-pracownik\u00f3wczek-i-student\u00f3wek-11.jpg\" class=\"gallery__item thumbnail\"\r\n                                    style=\"background-image: url(https:\/\/us.edu.pl\/wydzial\/wsne\/wp-content\/uploads\/sites\/20\/Nieprzypisane\/wystawa-pracownik\u00f3wczek-i-student\u00f3wek-11.jpg)\"> <span class=\"d-none\">https:\/\/us.edu.pl\/wydzial\/wsne\/wp-content\/uploads\/sites\/20\/Nieprzypisane\/wystawa-pracownik\u00f3wczek-i-student\u00f3wek-11.jpg<\/span> <\/a><a data-fancybox-group=\"button\" title=\"Wystawa pracownik\u00f3w\/czek i student\u00f3w\/ek\" data-fancybox=\"8677\" href=\"https:\/\/us.edu.pl\/wydzial\/wsne\/wp-content\/uploads\/sites\/20\/Nieprzypisane\/wystawa-pracownik\u00f3wczek-i-student\u00f3wek-12.jpg\" class=\"gallery__item thumbnail\"\r\n                                    style=\"background-image: url(https:\/\/us.edu.pl\/wydzial\/wsne\/wp-content\/uploads\/sites\/20\/Nieprzypisane\/wystawa-pracownik\u00f3wczek-i-student\u00f3wek-12.jpg)\"> <span class=\"d-none\">https:\/\/us.edu.pl\/wydzial\/wsne\/wp-content\/uploads\/sites\/20\/Nieprzypisane\/wystawa-pracownik\u00f3wczek-i-student\u00f3wek-12.jpg<\/span> <\/a><a data-fancybox-group=\"button\" title=\"Wystawa pracownik\u00f3w\/czek i student\u00f3w\/ek\" data-fancybox=\"8677\" href=\"https:\/\/us.edu.pl\/wydzial\/wsne\/wp-content\/uploads\/sites\/20\/Nieprzypisane\/wystawa-pracownik\u00f3wczek-i-student\u00f3wek-13.jpg\" class=\"gallery__item thumbnail\"\r\n                                    style=\"background-image: url(https:\/\/us.edu.pl\/wydzial\/wsne\/wp-content\/uploads\/sites\/20\/Nieprzypisane\/wystawa-pracownik\u00f3wczek-i-student\u00f3wek-13.jpg)\"> <span class=\"d-none\">https:\/\/us.edu.pl\/wydzial\/wsne\/wp-content\/uploads\/sites\/20\/Nieprzypisane\/wystawa-pracownik\u00f3wczek-i-student\u00f3wek-13.jpg<\/span> <\/a><a data-fancybox-group=\"button\" title=\"Wystawa pracownik\u00f3w\/czek i student\u00f3w\/ek\" data-fancybox=\"8677\" href=\"https:\/\/us.edu.pl\/wydzial\/wsne\/wp-content\/uploads\/sites\/20\/Nieprzypisane\/wystawa-pracownik\u00f3wczek-i-student\u00f3wek-14.jpg\" class=\"gallery__item thumbnail\"\r\n                                    style=\"background-image: url(https:\/\/us.edu.pl\/wydzial\/wsne\/wp-content\/uploads\/sites\/20\/Nieprzypisane\/wystawa-pracownik\u00f3wczek-i-student\u00f3wek-14.jpg)\"> <span class=\"d-none\">https:\/\/us.edu.pl\/wydzial\/wsne\/wp-content\/uploads\/sites\/20\/Nieprzypisane\/wystawa-pracownik\u00f3wczek-i-student\u00f3wek-14.jpg<\/span> <\/a><a data-fancybox-group=\"button\" title=\"Wystawa pracownik\u00f3w\/czek i student\u00f3w\/ek\" data-fancybox=\"8677\" href=\"https:\/\/us.edu.pl\/wydzial\/wsne\/wp-content\/uploads\/sites\/20\/Nieprzypisane\/wystawa-pracownik\u00f3wczek-i-student\u00f3wek-15.jpg\" class=\"gallery__item thumbnail\"\r\n                                    style=\"background-image: url(https:\/\/us.edu.pl\/wydzial\/wsne\/wp-content\/uploads\/sites\/20\/Nieprzypisane\/wystawa-pracownik\u00f3wczek-i-student\u00f3wek-15.jpg)\"> <span class=\"d-none\">https:\/\/us.edu.pl\/wydzial\/wsne\/wp-content\/uploads\/sites\/20\/Nieprzypisane\/wystawa-pracownik\u00f3wczek-i-student\u00f3wek-15.jpg<\/span> <\/a><a data-fancybox-group=\"button\" title=\"Wystawa pracownik\u00f3w\/czek i student\u00f3w\/ek\" data-fancybox=\"8677\" href=\"https:\/\/us.edu.pl\/wydzial\/wsne\/wp-content\/uploads\/sites\/20\/Nieprzypisane\/wystawa-pracownik\u00f3wczek-i-student\u00f3wek-16.jpg\" class=\"gallery__item thumbnail\"\r\n                                    style=\"background-image: url(https:\/\/us.edu.pl\/wydzial\/wsne\/wp-content\/uploads\/sites\/20\/Nieprzypisane\/wystawa-pracownik\u00f3wczek-i-student\u00f3wek-16.jpg)\"> <span class=\"d-none\">https:\/\/us.edu.pl\/wydzial\/wsne\/wp-content\/uploads\/sites\/20\/Nieprzypisane\/wystawa-pracownik\u00f3wczek-i-student\u00f3wek-16.jpg<\/span> <\/a><a data-fancybox-group=\"button\" title=\"Wystawa pracownik\u00f3w\/czek i student\u00f3w\/ek\" data-fancybox=\"8677\" href=\"https:\/\/us.edu.pl\/wydzial\/wsne\/wp-content\/uploads\/sites\/20\/Nieprzypisane\/wystawa-pracownik\u00f3wczek-i-student\u00f3wek-17.jpg\" class=\"gallery__item thumbnail\"\r\n                                    style=\"background-image: url(https:\/\/us.edu.pl\/wydzial\/wsne\/wp-content\/uploads\/sites\/20\/Nieprzypisane\/wystawa-pracownik\u00f3wczek-i-student\u00f3wek-17.jpg)\"> <span class=\"d-none\">https:\/\/us.edu.pl\/wydzial\/wsne\/wp-content\/uploads\/sites\/20\/Nieprzypisane\/wystawa-pracownik\u00f3wczek-i-student\u00f3wek-17.jpg<\/span> <\/a><a data-fancybox-group=\"button\" title=\"Wystawa pracownik\u00f3w\/czek i student\u00f3w\/ek\" data-fancybox=\"8677\" href=\"https:\/\/us.edu.pl\/wydzial\/wsne\/wp-content\/uploads\/sites\/20\/Nieprzypisane\/wystawa-pracownik\u00f3wczek-i-student\u00f3wek-18.jpg\" class=\"gallery__item thumbnail\"\r\n                                    style=\"background-image: url(https:\/\/us.edu.pl\/wydzial\/wsne\/wp-content\/uploads\/sites\/20\/Nieprzypisane\/wystawa-pracownik\u00f3wczek-i-student\u00f3wek-18.jpg)\"> <span class=\"d-none\">https:\/\/us.edu.pl\/wydzial\/wsne\/wp-content\/uploads\/sites\/20\/Nieprzypisane\/wystawa-pracownik\u00f3wczek-i-student\u00f3wek-18.jpg<\/span> <\/a><a data-fancybox-group=\"button\" title=\"Wystawa pracownik\u00f3w\/czek i student\u00f3w\/ek\" data-fancybox=\"8677\" href=\"https:\/\/us.edu.pl\/wydzial\/wsne\/wp-content\/uploads\/sites\/20\/Nieprzypisane\/wystawa-pracownik\u00f3wczek-i-student\u00f3wek-19.jpg\" class=\"gallery__item thumbnail\"\r\n                                    style=\"background-image: url(https:\/\/us.edu.pl\/wydzial\/wsne\/wp-content\/uploads\/sites\/20\/Nieprzypisane\/wystawa-pracownik\u00f3wczek-i-student\u00f3wek-19.jpg)\"> <span class=\"d-none\">https:\/\/us.edu.pl\/wydzial\/wsne\/wp-content\/uploads\/sites\/20\/Nieprzypisane\/wystawa-pracownik\u00f3wczek-i-student\u00f3wek-19.jpg<\/span> <\/a><a data-fancybox-group=\"button\" title=\"Wystawa pracownik\u00f3w\/czek i student\u00f3w\/ek\" data-fancybox=\"8677\" href=\"https:\/\/us.edu.pl\/wydzial\/wsne\/wp-content\/uploads\/sites\/20\/Nieprzypisane\/wystawa-pracownik\u00f3wczek-i-student\u00f3wek-20.jpg\" class=\"gallery__item thumbnail\"\r\n                                    style=\"background-image: url(https:\/\/us.edu.pl\/wydzial\/wsne\/wp-content\/uploads\/sites\/20\/Nieprzypisane\/wystawa-pracownik\u00f3wczek-i-student\u00f3wek-20.jpg)\"> <span class=\"d-none\">https:\/\/us.edu.pl\/wydzial\/wsne\/wp-content\/uploads\/sites\/20\/Nieprzypisane\/wystawa-pracownik\u00f3wczek-i-student\u00f3wek-20.jpg<\/span> <\/a><a data-fancybox-group=\"button\" title=\"Wystawa pracownik\u00f3w\/czek i student\u00f3w\/ek\" data-fancybox=\"8677\" href=\"https:\/\/us.edu.pl\/wydzial\/wsne\/wp-content\/uploads\/sites\/20\/Nieprzypisane\/wystawa-pracownik\u00f3wczek-i-student\u00f3wek-21.jpg\" class=\"gallery__item thumbnail\"\r\n                                    style=\"background-image: url(https:\/\/us.edu.pl\/wydzial\/wsne\/wp-content\/uploads\/sites\/20\/Nieprzypisane\/wystawa-pracownik\u00f3wczek-i-student\u00f3wek-21.jpg)\"> <span class=\"d-none\">https:\/\/us.edu.pl\/wydzial\/wsne\/wp-content\/uploads\/sites\/20\/Nieprzypisane\/wystawa-pracownik\u00f3wczek-i-student\u00f3wek-21.jpg<\/span> <\/a><a data-fancybox-group=\"button\" title=\"Wystawa pracownik\u00f3w\/czek i student\u00f3w\/ek\" data-fancybox=\"8677\" href=\"https:\/\/us.edu.pl\/wydzial\/wsne\/wp-content\/uploads\/sites\/20\/Nieprzypisane\/wystawa-pracownik\u00f3wczek-i-student\u00f3wek-22.jpg\" class=\"gallery__item thumbnail\"\r\n                                    style=\"background-image: url(https:\/\/us.edu.pl\/wydzial\/wsne\/wp-content\/uploads\/sites\/20\/Nieprzypisane\/wystawa-pracownik\u00f3wczek-i-student\u00f3wek-22.jpg)\"> <span class=\"d-none\">https:\/\/us.edu.pl\/wydzial\/wsne\/wp-content\/uploads\/sites\/20\/Nieprzypisane\/wystawa-pracownik\u00f3wczek-i-student\u00f3wek-22.jpg<\/span> <\/a><a data-fancybox-group=\"button\" title=\"Otwarcie wystawy \u201eP-books \/ wyd. III \/ Od projektu do czytania\u201d\" data-fancybox=\"8677\" href=\"https:\/\/us.edu.pl\/wydzial\/wsne\/wp-content\/uploads\/sites\/20\/Nieprzypisane\/wystawa-pracownik\u00f3wczek-i-student\u00f3wek-23.jpg\" class=\"gallery__item thumbnail\"\r\n                                    style=\"background-image: url(https:\/\/us.edu.pl\/wydzial\/wsne\/wp-content\/uploads\/sites\/20\/Nieprzypisane\/wystawa-pracownik\u00f3wczek-i-student\u00f3wek-23.jpg)\"> <span class=\"d-none\">https:\/\/us.edu.pl\/wydzial\/wsne\/wp-content\/uploads\/sites\/20\/Nieprzypisane\/wystawa-pracownik\u00f3wczek-i-student\u00f3wek-23.jpg<\/span> <\/a><a data-fancybox-group=\"button\" title=\"Otwarcie wystawy \u201eP-books \/ wyd. III \/ Od projektu do czytania\u201d\" data-fancybox=\"8677\" href=\"https:\/\/us.edu.pl\/wydzial\/wsne\/wp-content\/uploads\/sites\/20\/Nieprzypisane\/wystawa-pracownik\u00f3wczek-i-student\u00f3wek-24.jpg\" class=\"gallery__item thumbnail\"\r\n                                    style=\"background-image: url(https:\/\/us.edu.pl\/wydzial\/wsne\/wp-content\/uploads\/sites\/20\/Nieprzypisane\/wystawa-pracownik\u00f3wczek-i-student\u00f3wek-24.jpg)\"> <span class=\"d-none\">https:\/\/us.edu.pl\/wydzial\/wsne\/wp-content\/uploads\/sites\/20\/Nieprzypisane\/wystawa-pracownik\u00f3wczek-i-student\u00f3wek-24.jpg<\/span> <\/a><a data-fancybox-group=\"button\" title=\"Otwarcie wystawy \u201eP-books \/ wyd. III \/ Od projektu do czytania\u201d\" data-fancybox=\"8677\" href=\"https:\/\/us.edu.pl\/wydzial\/wsne\/wp-content\/uploads\/sites\/20\/Nieprzypisane\/wystawa-pracownik\u00f3wczek-i-student\u00f3wek-25.jpg\" class=\"gallery__item thumbnail\"\r\n                                    style=\"background-image: url(https:\/\/us.edu.pl\/wydzial\/wsne\/wp-content\/uploads\/sites\/20\/Nieprzypisane\/wystawa-pracownik\u00f3wczek-i-student\u00f3wek-25.jpg)\"> <span class=\"d-none\">https:\/\/us.edu.pl\/wydzial\/wsne\/wp-content\/uploads\/sites\/20\/Nieprzypisane\/wystawa-pracownik\u00f3wczek-i-student\u00f3wek-25.jpg<\/span> <\/a><a data-fancybox-group=\"button\" title=\"Otwarcie wystawy \u201eP-books \/ wyd. III \/ Od projektu do czytania\u201d\" data-fancybox=\"8677\" href=\"https:\/\/us.edu.pl\/wydzial\/wsne\/wp-content\/uploads\/sites\/20\/Nieprzypisane\/wystawa-pracownik\u00f3wczek-i-student\u00f3wek-26.jpg\" class=\"gallery__item thumbnail\"\r\n                                    style=\"background-image: url(https:\/\/us.edu.pl\/wydzial\/wsne\/wp-content\/uploads\/sites\/20\/Nieprzypisane\/wystawa-pracownik\u00f3wczek-i-student\u00f3wek-26.jpg)\"> <span class=\"d-none\">https:\/\/us.edu.pl\/wydzial\/wsne\/wp-content\/uploads\/sites\/20\/Nieprzypisane\/wystawa-pracownik\u00f3wczek-i-student\u00f3wek-26.jpg<\/span> <\/a><a data-fancybox-group=\"button\" title=\"Otwarcie wystawy \u201eP-books \/ wyd. III \/ Od projektu do czytania\u201d\" data-fancybox=\"8677\" href=\"https:\/\/us.edu.pl\/wydzial\/wsne\/wp-content\/uploads\/sites\/20\/Nieprzypisane\/wystawa-pracownik\u00f3wczek-i-student\u00f3wek-27.jpg\" class=\"gallery__item thumbnail\"\r\n                                    style=\"background-image: url(https:\/\/us.edu.pl\/wydzial\/wsne\/wp-content\/uploads\/sites\/20\/Nieprzypisane\/wystawa-pracownik\u00f3wczek-i-student\u00f3wek-27.jpg)\"> <span class=\"d-none\">https:\/\/us.edu.pl\/wydzial\/wsne\/wp-content\/uploads\/sites\/20\/Nieprzypisane\/wystawa-pracownik\u00f3wczek-i-student\u00f3wek-27.jpg<\/span> <\/a><a data-fancybox-group=\"button\" title=\"Otwarcie wystawy \u201eP-books \/ wyd. III \/ Od projektu do czytania\u201d\" data-fancybox=\"8677\" href=\"https:\/\/us.edu.pl\/wydzial\/wsne\/wp-content\/uploads\/sites\/20\/Nieprzypisane\/wystawa-pracownik\u00f3wczek-i-student\u00f3wek-28.jpg\" class=\"gallery__item thumbnail\"\r\n                                    style=\"background-image: url(https:\/\/us.edu.pl\/wydzial\/wsne\/wp-content\/uploads\/sites\/20\/Nieprzypisane\/wystawa-pracownik\u00f3wczek-i-student\u00f3wek-28.jpg)\"> <span class=\"d-none\">https:\/\/us.edu.pl\/wydzial\/wsne\/wp-content\/uploads\/sites\/20\/Nieprzypisane\/wystawa-pracownik\u00f3wczek-i-student\u00f3wek-28.jpg<\/span> <\/a><a data-fancybox-group=\"button\" title=\"Otwarcie wystawy \u201eP-books \/ wyd. III \/ Od projektu do czytania\u201d\" data-fancybox=\"8677\" href=\"https:\/\/us.edu.pl\/wydzial\/wsne\/wp-content\/uploads\/sites\/20\/Nieprzypisane\/wystawa-pracownik\u00f3wczek-i-student\u00f3wek-29.jpg\" class=\"gallery__item thumbnail\"\r\n                                    style=\"background-image: url(https:\/\/us.edu.pl\/wydzial\/wsne\/wp-content\/uploads\/sites\/20\/Nieprzypisane\/wystawa-pracownik\u00f3wczek-i-student\u00f3wek-29.jpg)\"> <span class=\"d-none\">https:\/\/us.edu.pl\/wydzial\/wsne\/wp-content\/uploads\/sites\/20\/Nieprzypisane\/wystawa-pracownik\u00f3wczek-i-student\u00f3wek-29.jpg<\/span> <\/a><a data-fancybox-group=\"button\" title=\"Otwarcie wystawy \u201eP-books \/ wyd. III \/ Od projektu do czytania\u201d\" data-fancybox=\"8677\" href=\"https:\/\/us.edu.pl\/wydzial\/wsne\/wp-content\/uploads\/sites\/20\/Nieprzypisane\/wystawa-pracownik\u00f3wczek-i-student\u00f3wek-30.jpg\" class=\"gallery__item thumbnail\"\r\n                                    style=\"background-image: url(https:\/\/us.edu.pl\/wydzial\/wsne\/wp-content\/uploads\/sites\/20\/Nieprzypisane\/wystawa-pracownik\u00f3wczek-i-student\u00f3wek-30.jpg)\"> <span class=\"d-none\">https:\/\/us.edu.pl\/wydzial\/wsne\/wp-content\/uploads\/sites\/20\/Nieprzypisane\/wystawa-pracownik\u00f3wczek-i-student\u00f3wek-30.jpg<\/span> <\/a><a data-fancybox-group=\"button\" title=\"Otwarcie wystawy \u201eP-books \/ wyd. III \/ Od projektu do czytania\u201d\" data-fancybox=\"8677\" href=\"https:\/\/us.edu.pl\/wydzial\/wsne\/wp-content\/uploads\/sites\/20\/Nieprzypisane\/wystawa-pracownik\u00f3wczek-i-student\u00f3wek-31.jpg\" class=\"gallery__item thumbnail\"\r\n                                    style=\"background-image: url(https:\/\/us.edu.pl\/wydzial\/wsne\/wp-content\/uploads\/sites\/20\/Nieprzypisane\/wystawa-pracownik\u00f3wczek-i-student\u00f3wek-31.jpg)\"> <span class=\"d-none\">https:\/\/us.edu.pl\/wydzial\/wsne\/wp-content\/uploads\/sites\/20\/Nieprzypisane\/wystawa-pracownik\u00f3wczek-i-student\u00f3wek-31.jpg<\/span> <\/a><a data-fancybox-group=\"button\" title=\"Otwarcie wystawy \u201eP-books \/ wyd. III \/ Od projektu do czytania\u201d\" data-fancybox=\"8677\" href=\"https:\/\/us.edu.pl\/wydzial\/wsne\/wp-content\/uploads\/sites\/20\/Nieprzypisane\/wystawa-pracownik\u00f3wczek-i-student\u00f3wek-32.jpg\" class=\"gallery__item thumbnail\"\r\n                                    style=\"background-image: url(https:\/\/us.edu.pl\/wydzial\/wsne\/wp-content\/uploads\/sites\/20\/Nieprzypisane\/wystawa-pracownik\u00f3wczek-i-student\u00f3wek-32.jpg)\"> <span class=\"d-none\">https:\/\/us.edu.pl\/wydzial\/wsne\/wp-content\/uploads\/sites\/20\/Nieprzypisane\/wystawa-pracownik\u00f3wczek-i-student\u00f3wek-32.jpg<\/span> <\/a><a data-fancybox-group=\"button\" title=\"Otwarcie wystawy \u201eP-books \/ wyd. III \/ Od projektu do czytania\u201d\" data-fancybox=\"8677\" href=\"https:\/\/us.edu.pl\/wydzial\/wsne\/wp-content\/uploads\/sites\/20\/Nieprzypisane\/wystawa-pracownik\u00f3wczek-i-student\u00f3wek-33.jpg\" class=\"gallery__item thumbnail\"\r\n                                    style=\"background-image: url(https:\/\/us.edu.pl\/wydzial\/wsne\/wp-content\/uploads\/sites\/20\/Nieprzypisane\/wystawa-pracownik\u00f3wczek-i-student\u00f3wek-33.jpg)\"> <span class=\"d-none\">https:\/\/us.edu.pl\/wydzial\/wsne\/wp-content\/uploads\/sites\/20\/Nieprzypisane\/wystawa-pracownik\u00f3wczek-i-student\u00f3wek-33.jpg<\/span> <\/a><a data-fancybox-group=\"button\" title=\"Otwarcie wystawy \u201eP-books \/ wyd. III \/ Od projektu do czytania\u201d\" data-fancybox=\"8677\" href=\"https:\/\/us.edu.pl\/wydzial\/wsne\/wp-content\/uploads\/sites\/20\/Nieprzypisane\/wystawa-pracownik\u00f3wczek-i-student\u00f3wek-34.jpg\" class=\"gallery__item thumbnail\"\r\n                                    style=\"background-image: url(https:\/\/us.edu.pl\/wydzial\/wsne\/wp-content\/uploads\/sites\/20\/Nieprzypisane\/wystawa-pracownik\u00f3wczek-i-student\u00f3wek-34.jpg)\"> <span class=\"d-none\">https:\/\/us.edu.pl\/wydzial\/wsne\/wp-content\/uploads\/sites\/20\/Nieprzypisane\/wystawa-pracownik\u00f3wczek-i-student\u00f3wek-34.jpg<\/span> <\/a><a data-fancybox-group=\"button\" title=\"Otwarcie wystawy \u201eP-books \/ wyd. III \/ Od projektu do czytania\u201d\" data-fancybox=\"8677\" href=\"https:\/\/us.edu.pl\/wydzial\/wsne\/wp-content\/uploads\/sites\/20\/Nieprzypisane\/wystawa-pracownik\u00f3wczek-i-student\u00f3wek-35.jpg\" class=\"gallery__item thumbnail\"\r\n                                    style=\"background-image: url(https:\/\/us.edu.pl\/wydzial\/wsne\/wp-content\/uploads\/sites\/20\/Nieprzypisane\/wystawa-pracownik\u00f3wczek-i-student\u00f3wek-35.jpg)\"> <span class=\"d-none\">https:\/\/us.edu.pl\/wydzial\/wsne\/wp-content\/uploads\/sites\/20\/Nieprzypisane\/wystawa-pracownik\u00f3wczek-i-student\u00f3wek-35.jpg<\/span> <\/a><a data-fancybox-group=\"button\" title=\"Otwarcie wystawy \u201eP-books \/ wyd. III \/ Od projektu do czytania\u201d\" data-fancybox=\"8677\" href=\"https:\/\/us.edu.pl\/wydzial\/wsne\/wp-content\/uploads\/sites\/20\/Nieprzypisane\/wystawa-pracownik\u00f3wczek-i-student\u00f3wek-36.jpg\" class=\"gallery__item thumbnail\"\r\n                                    style=\"background-image: url(https:\/\/us.edu.pl\/wydzial\/wsne\/wp-content\/uploads\/sites\/20\/Nieprzypisane\/wystawa-pracownik\u00f3wczek-i-student\u00f3wek-36.jpg)\"> <span class=\"d-none\">https:\/\/us.edu.pl\/wydzial\/wsne\/wp-content\/uploads\/sites\/20\/Nieprzypisane\/wystawa-pracownik\u00f3wczek-i-student\u00f3wek-36.jpg<\/span> <\/a><a data-fancybox-group=\"button\" title=\"Otwarcie wystawy \u201eP-books \/ wyd. III \/ Od projektu do czytania\u201d\" data-fancybox=\"8677\" href=\"https:\/\/us.edu.pl\/wydzial\/wsne\/wp-content\/uploads\/sites\/20\/Nieprzypisane\/wystawa-pracownik\u00f3wczek-i-student\u00f3wek-37.jpg\" class=\"gallery__item thumbnail\"\r\n                                    style=\"background-image: url(https:\/\/us.edu.pl\/wydzial\/wsne\/wp-content\/uploads\/sites\/20\/Nieprzypisane\/wystawa-pracownik\u00f3wczek-i-student\u00f3wek-37.jpg)\"> <span class=\"d-none\">https:\/\/us.edu.pl\/wydzial\/wsne\/wp-content\/uploads\/sites\/20\/Nieprzypisane\/wystawa-pracownik\u00f3wczek-i-student\u00f3wek-37.jpg<\/span> <\/a><a data-fancybox-group=\"button\" title=\"Otwarcie wystawy \u201eP-books \/ wyd. III \/ Od projektu do czytania\u201d\" data-fancybox=\"8677\" href=\"https:\/\/us.edu.pl\/wydzial\/wsne\/wp-content\/uploads\/sites\/20\/Nieprzypisane\/wystawa-pracownik\u00f3wczek-i-student\u00f3wek-38.jpg\" class=\"gallery__item thumbnail\"\r\n                                    style=\"background-image: url(https:\/\/us.edu.pl\/wydzial\/wsne\/wp-content\/uploads\/sites\/20\/Nieprzypisane\/wystawa-pracownik\u00f3wczek-i-student\u00f3wek-38.jpg)\"> <span class=\"d-none\">https:\/\/us.edu.pl\/wydzial\/wsne\/wp-content\/uploads\/sites\/20\/Nieprzypisane\/wystawa-pracownik\u00f3wczek-i-student\u00f3wek-38.jpg<\/span> <\/a><a data-fancybox-group=\"button\" title=\"Otwarcie wystawy \u201eP-books \/ wyd. III \/ Od projektu do czytania\u201d\" data-fancybox=\"8677\" href=\"https:\/\/us.edu.pl\/wydzial\/wsne\/wp-content\/uploads\/sites\/20\/Nieprzypisane\/wystawa-pracownik\u00f3wczek-i-student\u00f3wek-39.jpg\" class=\"gallery__item thumbnail\"\r\n                                    style=\"background-image: url(https:\/\/us.edu.pl\/wydzial\/wsne\/wp-content\/uploads\/sites\/20\/Nieprzypisane\/wystawa-pracownik\u00f3wczek-i-student\u00f3wek-39.jpg)\"> <span class=\"d-none\">https:\/\/us.edu.pl\/wydzial\/wsne\/wp-content\/uploads\/sites\/20\/Nieprzypisane\/wystawa-pracownik\u00f3wczek-i-student\u00f3wek-39.jpg<\/span> <\/a><a data-fancybox-group=\"button\" title=\"Otwarcie wystawy \u201eP-books \/ wyd. III \/ Od projektu do czytania\u201d\" data-fancybox=\"8677\" href=\"https:\/\/us.edu.pl\/wydzial\/wsne\/wp-content\/uploads\/sites\/20\/Nieprzypisane\/wystawa-pracownik\u00f3wczek-i-student\u00f3wek-40.jpg\" class=\"gallery__item thumbnail\"\r\n                                    style=\"background-image: url(https:\/\/us.edu.pl\/wydzial\/wsne\/wp-content\/uploads\/sites\/20\/Nieprzypisane\/wystawa-pracownik\u00f3wczek-i-student\u00f3wek-40.jpg)\"> <span class=\"d-none\">https:\/\/us.edu.pl\/wydzial\/wsne\/wp-content\/uploads\/sites\/20\/Nieprzypisane\/wystawa-pracownik\u00f3wczek-i-student\u00f3wek-40.jpg<\/span> <\/a><a data-fancybox-group=\"button\" title=\"Otwarcie wystawy \u201eP-books \/ wyd. III \/ Od projektu do czytania\u201d\" data-fancybox=\"8677\" href=\"https:\/\/us.edu.pl\/wydzial\/wsne\/wp-content\/uploads\/sites\/20\/Nieprzypisane\/wystawa-pracownik\u00f3wczek-i-student\u00f3wek-41.jpg\" class=\"gallery__item thumbnail\"\r\n                                    style=\"background-image: url(https:\/\/us.edu.pl\/wydzial\/wsne\/wp-content\/uploads\/sites\/20\/Nieprzypisane\/wystawa-pracownik\u00f3wczek-i-student\u00f3wek-41.jpg)\"> <span class=\"d-none\">https:\/\/us.edu.pl\/wydzial\/wsne\/wp-content\/uploads\/sites\/20\/Nieprzypisane\/wystawa-pracownik\u00f3wczek-i-student\u00f3wek-41.jpg<\/span> <\/a><a data-fancybox-group=\"button\" title=\"Otwarcie wystawy \u201eP-books \/ wyd. III \/ Od projektu do czytania\u201d\" data-fancybox=\"8677\" href=\"https:\/\/us.edu.pl\/wydzial\/wsne\/wp-content\/uploads\/sites\/20\/Nieprzypisane\/wystawa-pracownik\u00f3wczek-i-student\u00f3wek-42.jpg\" class=\"gallery__item thumbnail\"\r\n                                    style=\"background-image: url(https:\/\/us.edu.pl\/wydzial\/wsne\/wp-content\/uploads\/sites\/20\/Nieprzypisane\/wystawa-pracownik\u00f3wczek-i-student\u00f3wek-42.jpg)\"> <span class=\"d-none\">https:\/\/us.edu.pl\/wydzial\/wsne\/wp-content\/uploads\/sites\/20\/Nieprzypisane\/wystawa-pracownik\u00f3wczek-i-student\u00f3wek-42.jpg<\/span> <\/a><a data-fancybox-group=\"button\" title=\"Otwarcie wystawy \u201eP-books \/ wyd. III \/ Od projektu do czytania\u201d\" data-fancybox=\"8677\" href=\"https:\/\/us.edu.pl\/wydzial\/wsne\/wp-content\/uploads\/sites\/20\/Nieprzypisane\/wystawa-pracownik\u00f3wczek-i-student\u00f3wek-43.jpg\" class=\"gallery__item thumbnail\"\r\n                                    style=\"background-image: url(https:\/\/us.edu.pl\/wydzial\/wsne\/wp-content\/uploads\/sites\/20\/Nieprzypisane\/wystawa-pracownik\u00f3wczek-i-student\u00f3wek-43.jpg)\"> <span class=\"d-none\">https:\/\/us.edu.pl\/wydzial\/wsne\/wp-content\/uploads\/sites\/20\/Nieprzypisane\/wystawa-pracownik\u00f3wczek-i-student\u00f3wek-43.jpg<\/span> <\/a><a data-fancybox-group=\"button\" title=\"Otwarcie wystawy \u201eP-books \/ wyd. III \/ Od projektu do czytania\u201d\" data-fancybox=\"8677\" href=\"https:\/\/us.edu.pl\/wydzial\/wsne\/wp-content\/uploads\/sites\/20\/Nieprzypisane\/wystawa-pracownik\u00f3wczek-i-student\u00f3wek-44.jpg\" class=\"gallery__item thumbnail\"\r\n                                    style=\"background-image: url(https:\/\/us.edu.pl\/wydzial\/wsne\/wp-content\/uploads\/sites\/20\/Nieprzypisane\/wystawa-pracownik\u00f3wczek-i-student\u00f3wek-44.jpg)\"> <span class=\"d-none\">https:\/\/us.edu.pl\/wydzial\/wsne\/wp-content\/uploads\/sites\/20\/Nieprzypisane\/wystawa-pracownik\u00f3wczek-i-student\u00f3wek-44.jpg<\/span> <\/a><a data-fancybox-group=\"button\" title=\"Otwarcie wystawy \u201eP-books \/ wyd. III \/ Od projektu do czytania\u201d\" data-fancybox=\"8677\" href=\"https:\/\/us.edu.pl\/wydzial\/wsne\/wp-content\/uploads\/sites\/20\/Nieprzypisane\/wystawa-pracownik\u00f3wczek-i-student\u00f3wek-45.jpg\" class=\"gallery__item thumbnail\"\r\n                                    style=\"background-image: url(https:\/\/us.edu.pl\/wydzial\/wsne\/wp-content\/uploads\/sites\/20\/Nieprzypisane\/wystawa-pracownik\u00f3wczek-i-student\u00f3wek-45.jpg)\"> <span class=\"d-none\">https:\/\/us.edu.pl\/wydzial\/wsne\/wp-content\/uploads\/sites\/20\/Nieprzypisane\/wystawa-pracownik\u00f3wczek-i-student\u00f3wek-45.jpg<\/span> <\/a><a data-fancybox-group=\"button\" title=\"Otwarcie wystawy \u201eP-books \/ wyd. III \/ Od projektu do czytania\u201d\" data-fancybox=\"8677\" href=\"https:\/\/us.edu.pl\/wydzial\/wsne\/wp-content\/uploads\/sites\/20\/Nieprzypisane\/wystawa-pracownik\u00f3wczek-i-student\u00f3wek-46.jpg\" class=\"gallery__item thumbnail\"\r\n                                    style=\"background-image: url(https:\/\/us.edu.pl\/wydzial\/wsne\/wp-content\/uploads\/sites\/20\/Nieprzypisane\/wystawa-pracownik\u00f3wczek-i-student\u00f3wek-46.jpg)\"> <span class=\"d-none\">https:\/\/us.edu.pl\/wydzial\/wsne\/wp-content\/uploads\/sites\/20\/Nieprzypisane\/wystawa-pracownik\u00f3wczek-i-student\u00f3wek-46.jpg<\/span> <\/a><a data-fancybox-group=\"button\" title=\"Otwarcie wystawy \u201eP-books \/ wyd. III \/ Od projektu do czytania\u201d\" data-fancybox=\"8677\" href=\"https:\/\/us.edu.pl\/wydzial\/wsne\/wp-content\/uploads\/sites\/20\/Nieprzypisane\/wystawa-pracownik\u00f3wczek-i-student\u00f3wek-47.jpg\" class=\"gallery__item thumbnail\"\r\n                                    style=\"background-image: url(https:\/\/us.edu.pl\/wydzial\/wsne\/wp-content\/uploads\/sites\/20\/Nieprzypisane\/wystawa-pracownik\u00f3wczek-i-student\u00f3wek-47.jpg)\"> <span class=\"d-none\">https:\/\/us.edu.pl\/wydzial\/wsne\/wp-content\/uploads\/sites\/20\/Nieprzypisane\/wystawa-pracownik\u00f3wczek-i-student\u00f3wek-47.jpg<\/span> <\/a><a data-fancybox-group=\"button\" title=\"Otwarcie wystawy \u201eP-books \/ wyd. III \/ Od projektu do czytania\u201d\" data-fancybox=\"8677\" href=\"https:\/\/us.edu.pl\/wydzial\/wsne\/wp-content\/uploads\/sites\/20\/Nieprzypisane\/wystawa-pracownik\u00f3wczek-i-student\u00f3wek-48.jpg\" class=\"gallery__item thumbnail\"\r\n                                    style=\"background-image: url(https:\/\/us.edu.pl\/wydzial\/wsne\/wp-content\/uploads\/sites\/20\/Nieprzypisane\/wystawa-pracownik\u00f3wczek-i-student\u00f3wek-48.jpg)\"> <span class=\"d-none\">https:\/\/us.edu.pl\/wydzial\/wsne\/wp-content\/uploads\/sites\/20\/Nieprzypisane\/wystawa-pracownik\u00f3wczek-i-student\u00f3wek-48.jpg<\/span> <\/a><a data-fancybox-group=\"button\" title=\"Otwarcie wystawy \u201eP-books \/ wyd. III \/ Od projektu do czytania\u201d\" data-fancybox=\"8677\" href=\"https:\/\/us.edu.pl\/wydzial\/wsne\/wp-content\/uploads\/sites\/20\/Nieprzypisane\/wystawa-pracownik\u00f3wczek-i-student\u00f3wek-49.jpg\" class=\"gallery__item thumbnail\"\r\n                                    style=\"background-image: url(https:\/\/us.edu.pl\/wydzial\/wsne\/wp-content\/uploads\/sites\/20\/Nieprzypisane\/wystawa-pracownik\u00f3wczek-i-student\u00f3wek-49.jpg)\"> <span class=\"d-none\">https:\/\/us.edu.pl\/wydzial\/wsne\/wp-content\/uploads\/sites\/20\/Nieprzypisane\/wystawa-pracownik\u00f3wczek-i-student\u00f3wek-49.jpg<\/span> <\/a>\r\n                            <\/div>\r\n                    <\/div>\r\n                <\/div>[\/vc_column][\/vc_row]<\/p>","protected":false},"excerpt":{"rendered":"<p>[vc_row][vc_column][vc_column_text]\u201eP-books \/ wyd. III \/ Od projektu do czytania\u201d wystawa \u00a0pracownik\u00f3w\/czek i student\u00f3w\/ek specjalno\u015bci projektowej Wydzia\u0142u \u00a0Sztuki i Nauk o Edukacji Uniwersytetu \u015al\u0105skiego. Arty\u015bci podziel\u0105 si\u0119 \u00a0z widzami projektami i prototypami ksi\u0105\u017cek, kt\u00f3re przygotowali i \u00a0zaprosz\u0105 do wsp\u00f3lnego czytania. Ksi\u0105\u017cka jest czym\u015b, co towarzyszy nam \u00a0od najm\u0142odszych lat, jest przedmiotem pe\u0142nym magii, pozwala si\u0119 nam [&#8230;]<\/p>\n<p><a class=\"btn btn-secondary understrap-read-more-link\" href=\"https:\/\/us.edu.pl\/wydzial\/wsne\/2021\/11\/05\/p-books-wyd-iii-od-projektu-do-czytania\/\">Read More&#8230;<\/a><\/p>\n","protected":false},"author":110,"featured_media":6791,"comment_status":"open","ping_status":"open","sticky":false,"template":"","format":"standard","meta":{"_expiration-date-status":"saved","_expiration-date":0,"_expiration-date-type":"","_expiration-date-categories":[],"_expiration-date-options":[]},"categories":[32,13,10],"tags":[],"acf":[],"_links":{"self":[{"href":"https:\/\/us.edu.pl\/wydzial\/wsne\/wp-json\/wp\/v2\/posts\/6790"}],"collection":[{"href":"https:\/\/us.edu.pl\/wydzial\/wsne\/wp-json\/wp\/v2\/posts"}],"about":[{"href":"https:\/\/us.edu.pl\/wydzial\/wsne\/wp-json\/wp\/v2\/types\/post"}],"author":[{"embeddable":true,"href":"https:\/\/us.edu.pl\/wydzial\/wsne\/wp-json\/wp\/v2\/users\/110"}],"replies":[{"embeddable":true,"href":"https:\/\/us.edu.pl\/wydzial\/wsne\/wp-json\/wp\/v2\/comments?post=6790"}],"version-history":[{"count":1,"href":"https:\/\/us.edu.pl\/wydzial\/wsne\/wp-json\/wp\/v2\/posts\/6790\/revisions"}],"predecessor-version":[{"id":6841,"href":"https:\/\/us.edu.pl\/wydzial\/wsne\/wp-json\/wp\/v2\/posts\/6790\/revisions\/6841"}],"wp:featuredmedia":[{"embeddable":true,"href":"https:\/\/us.edu.pl\/wydzial\/wsne\/wp-json\/wp\/v2\/media\/6791"}],"wp:attachment":[{"href":"https:\/\/us.edu.pl\/wydzial\/wsne\/wp-json\/wp\/v2\/media?parent=6790"}],"wp:term":[{"taxonomy":"category","embeddable":true,"href":"https:\/\/us.edu.pl\/wydzial\/wsne\/wp-json\/wp\/v2\/categories?post=6790"},{"taxonomy":"post_tag","embeddable":true,"href":"https:\/\/us.edu.pl\/wydzial\/wsne\/wp-json\/wp\/v2\/tags?post=6790"}],"curies":[{"name":"wp","href":"https:\/\/api.w.org\/{rel}","templated":true}]}}