{"id":156426,"date":"2022-06-30T17:15:01","date_gmt":"2022-06-30T15:15:01","guid":{"rendered":"https:\/\/us.edu.pl\/wydzial\/wtl\/?p=156426"},"modified":"2023-01-02T13:14:22","modified_gmt":"2023-01-02T12:14:22","slug":"wyjazd-studyjny-do-kanady-vancouver-4-11-czerwca-2022","status":"publish","type":"post","link":"https:\/\/us.edu.pl\/wydzial\/wtl\/2022\/06\/30\/wyjazd-studyjny-do-kanady-vancouver-4-11-czerwca-2022\/","title":{"rendered":"Wizyta studyjna w Kanadzie (Vancouver, 4 \u2013 11 czerwca 2022)"},"content":{"rendered":"<p>[vc_row][vc_column]\r\n                <div class=\"text-modules reverse\">\r\n                    <div class=\"container\">\r\n                         \r\n                        <div class=\"row m-0\">\r\n                            <div class=\"text-modules__content\">\r\n                                <span style=\"font-size: 12pt;\">Projekt przygotowany dla studentek i student\u00f3w Nauk o Rodzinie mia\u0142 charakter naukowy. Zrealizowano go we wsp\u00f3\u0142pracy Wydzia\u0142u Teologicznego Uniwersytetu \u015al\u0105skiego z Instytutem Par i Rodzin w Vancouver w Kanadzie (Vancouver Couple &amp; Family Institute).<\/span><\/p>\n<p><span style=\"font-size: 12pt;\">Celem tego wyjazdu studyjnego by\u0142o zapoznanie student\u00f3w z wsp\u00f3\u0142czesnymi metodami pracy terapeutycznej z parami oraz rodzinami, z kt\u00f3rych jedn\u0105 z najbardziej znanych i skutecznych jest Terapia Skoncentrowana na Emocjach (Emotionally Focused Therapy EFT). Trzydniowe szkolenie dla naszych student\u00f3w poprowadzi\u0142a w j\u0119zyku angielskim Dyrektor o\u015brodka Yolanda von Hockauf &#8211;\u00a0 zarejestrowany terapeuta, superwizor oraz trener EFT w Kanadzie (British Columbia). Po zapoznaniu si\u0119 z za\u0142o\u017ceniami teoretycznymi terapii, metod\u0105 i etapami pracy z rodzin\u0105 oraz z parami nasi studenci otrzymali certyfikaty uczestnictwa w szkoleniu.<\/span><\/p>\n<p><span style=\"font-size: 12pt;\">Wymaganiami formalnymi uprawniaj\u0105cymi student\u00f3w do wyjazdu by\u0142a przede wszystkim znajomo\u015b\u0107 j\u0119zyka angielskiego i mo\u017cliwo\u015b\u0107 pos\u0142ugiwania si\u0119 nim w stopniu podstawowym oraz p\u00f3\u0142roczny kurs z metody EFT przygotowany i przeprowadzony w Polsce na WTL przez dr Monik\u0119 Kornaszewsk\u0105-Polak.<\/span><\/p>\n<p><span style=\"font-size: 12pt;\">Dodatkow\u0105 atrakcj\u0105 naukow\u0105 by\u0142a mo\u017cliwo\u015b\u0107 wizyty na Wydziale Nauk Spo\u0142ecznych Uniwersytetu Simona Frasera w Vancouver SFU. Studenci polscy mieli spotka\u0107 si\u0119 ze studentami kanadyjskimi, a spotkanie to by\u0142o okazj\u0105 do wymiany do\u015bwiadcze\u0144 mi\u0119dzynarodowych w zakresie sposob\u00f3w uczenia, zainteresowa\u0144, rozwijania pasji czy nauki angielskiego dla obcokrajowc\u00f3w, a tak\u017ce poznawania r\u00f3\u017cnorodno\u015bci kulturowej, r\u00f3\u017cnych metod wspierania os\u00f3b z niepe\u0142nosprawno\u015bci\u0105 oraz kreowania indywidualnych \u015bcie\u017cek karier w Kanadzie.<\/span><\/p>\n<p><span style=\"font-size: 12pt;\">Osi\u0105gni\u0119te efekty szczeg\u00f3\u0142owe wyjazdu:<\/span><\/p>\n<ul>\n<li><span style=\"font-size: 12pt;\">dope\u0142nienie programu teoretycznego nauczania na WTL U\u015a i uzupe\u0142nienie praktycznych umiej\u0119tno\u015bci pomagania parom i rodzinom,<\/span><\/li>\n<li><span style=\"font-size: 12pt;\">rozwini\u0119cie kompetencji komunikacyjnych, j\u0119zykowych i mi\u0119dzykulturowych student\u00f3w;<\/span><\/li>\n<li><span style=\"font-size: 12pt;\">poznanie mi\u0119dzynarodowego \u015brodowiska student\u00f3w na Uniwersytecie Simona Frasera, poszerzenie horyzont\u00f3w my\u015blowych dotycz\u0105cych problem\u00f3w student\u00f3w oraz rodzinnych \u015brodowisk w Kanadzie;<\/span><\/li>\n<li><span style=\"font-size: 12pt;\">poszerzenie umiej\u0119tno\u015bci tzw. soft skills: komunikatywno\u015bci, asertywno\u015bci, kreatywno\u015bci, odporno\u015bci na stres, umiej\u0119tno\u015bci wsp\u00f3\u0142pracy z innymi i pracy samodzielnej oraz zarz\u0105dzanie czasem \u2013 wzrost konkurencyjno\u015bci na rynku pracy<\/span><\/li>\n<li><span style=\"font-size: 12pt;\">dodatkowo: wyjazd okaza\u0142 si\u0119 dla student\u00f3w NOR unikaln\u0105 okazj\u0105 do rozwini\u0119cia nowych umiej\u0119tno\u015bci oraz przeciwdzia\u0142ania wykluczeniu student\u00f3w WTL w stosunku do student\u00f3w innych wydzia\u0142\u00f3w uniwersytetu.<\/span><\/li>\n<\/ul>\n<p><span style=\"font-size: 12pt;\">W opinii student\u00f3w:<\/span><\/p>\n<p><span style=\"font-size: 12pt;\"><em>\u201eCzas sp\u0119dzony w Kanadzie by\u0142 bardzo intensywnym, ale owocnym czasem. Szkolenie przeprowadzone w \u201cVancouver Couple &amp; Family Institute\u201d dotycz\u0105ce metody EFCT bardzo wiele wnios\u0142o nie tylko do naszego \u017cycia prywatnego, gdzie z pewno\u015bci\u0105 wykorzystamy zdobyt\u0105 wiedz\u0119 w relacjach, kt\u00f3re tworzymy, ale przede wszystkim prze\u0142o\u017cy si\u0119 na nasz\u0105 prac\u0119 zawodow\u0105. Ubogacaj\u0105ce by\u0142o podczas niego nie tylko zdobywanie wiedzy teoretycznej, ale przede wszystkim praktycznej \u2013 w jaki spos\u00f3b pracowa\u0107 z metod\u0105 EFT z klientami na r\u00f3\u017cnych \u015bcie\u017ckach zawodowych, jakie ju\u017c podejmujemy lub b\u0119dziemy podejmowa\u0107 po uko\u0144czeniu kierunku Nauki o rodzinie. Dla wi\u0119kszo\u015bci z nas by\u0142 to pierwszy w \u017cyciu wyjazd na kontynent za oceanem, dlatego opr\u00f3cz nauki by\u0142 to czas przepe\u0142niony poznawaniem \u015bwiata, kultury, a tak\u017ce zacie\u015bniania wi\u0119zi mi\u0119dzykulturowych. Z pewno\u015bci\u0105 wizyta w Vancouver by\u0142a dla nas mo\u017cliwo\u015bci\u0105 ogromnego rozwoju naukowego, a tak\u017ce osobistego w ka\u017cdym wymiarze.\u201d<\/em><\/span><\/p>\n<p><span style=\"font-size: 12pt;\">Ca\u0142o\u015b\u0107 projektu zosta\u0142a przygotowana i zrealizowana przez dr Monik\u0119 Kornaszewsk\u0105-Polak przy wsp\u00f3\u0142pracy z Prodziekanem WTL, ks. dr Wojciechem Surmiakiem.<\/span><\/p>\n<p><span style=\"font-size: 12pt;\">Poni\u017cej zamieszczamy galeri\u0119 zdj\u0119\u0107 i zach\u0119camy do lektury sprawozdania z wyjazdu.<\/span> \r\n                                <div class=\"mt-3\"><a href=\"https:\/\/us.edu.pl\/wydzial\/wtl\/2022\/06\/30\/wyjazd-studyjny-do-kanady-vancouver-4-11-czerwca-2022-sprawozdanie\/\" class=\"link-button mr-3 \">Sprawozdanie uczestnik\u00f3w<\/a><\/div>\r\n                            <\/div>\r\n                            \r\n                            \r\n                        <\/div>\r\n                    <\/div>\r\n                <\/div>[\/vc_column][\/vc_row][vc_row][vc_column]            \r\n                    <div class=\"container\">\r\n                        <div class=\"gallery gallery_4\" data-images-in-row=\"4\">\r\n                            \r\n                            <div class=\"row m-0\">\r\n                                <a data-fancybox-group=\"button\" title=\"\" data-fancybox=\"7943\" href=\"https:\/\/us.edu.pl\/wydzial\/wtl\/wp-content\/uploads\/sites\/21\/Multimedia\/2021-2022\/Vancouver-wyjazd-studyjny\/VancoSNY-24.jpg\" class=\"gallery__item thumbnail\"\r\n                                    style=\"background-image: url(https:\/\/us.edu.pl\/wydzial\/wtl\/wp-content\/uploads\/sites\/21\/Multimedia\/2021-2022\/Vancouver-wyjazd-studyjny\/VancoSNY-24.jpg)\"> <span class=\"d-none\">https:\/\/us.edu.pl\/wydzial\/wtl\/wp-content\/uploads\/sites\/21\/Multimedia\/2021-2022\/Vancouver-wyjazd-studyjny\/VancoSNY-24.jpg<\/span> <\/a><a data-fancybox-group=\"button\" title=\"\" data-fancybox=\"7943\" href=\"https:\/\/us.edu.pl\/wydzial\/wtl\/wp-content\/uploads\/sites\/21\/Multimedia\/2021-2022\/Vancouver-wyjazd-studyjny\/VancoSNY-14.jpg\" class=\"gallery__item thumbnail\"\r\n                                    style=\"background-image: url(https:\/\/us.edu.pl\/wydzial\/wtl\/wp-content\/uploads\/sites\/21\/Multimedia\/2021-2022\/Vancouver-wyjazd-studyjny\/VancoSNY-14.jpg)\"> <span class=\"d-none\">https:\/\/us.edu.pl\/wydzial\/wtl\/wp-content\/uploads\/sites\/21\/Multimedia\/2021-2022\/Vancouver-wyjazd-studyjny\/VancoSNY-14.jpg<\/span> <\/a><a data-fancybox-group=\"button\" title=\"\" data-fancybox=\"7943\" href=\"https:\/\/us.edu.pl\/wydzial\/wtl\/wp-content\/uploads\/sites\/21\/Multimedia\/2021-2022\/Vancouver-wyjazd-studyjny\/VancoGP-48.jpg\" class=\"gallery__item thumbnail\"\r\n                                    style=\"background-image: url(https:\/\/us.edu.pl\/wydzial\/wtl\/wp-content\/uploads\/sites\/21\/Multimedia\/2021-2022\/Vancouver-wyjazd-studyjny\/VancoGP-48.jpg)\"> <span class=\"d-none\">https:\/\/us.edu.pl\/wydzial\/wtl\/wp-content\/uploads\/sites\/21\/Multimedia\/2021-2022\/Vancouver-wyjazd-studyjny\/VancoGP-48.jpg<\/span> <\/a><a data-fancybox-group=\"button\" title=\"\" data-fancybox=\"7943\" href=\"https:\/\/us.edu.pl\/wydzial\/wtl\/wp-content\/uploads\/sites\/21\/Multimedia\/2021-2022\/Vancouver-wyjazd-studyjny\/VancoGP-39.jpg\" class=\"gallery__item thumbnail\"\r\n                                    style=\"background-image: url(https:\/\/us.edu.pl\/wydzial\/wtl\/wp-content\/uploads\/sites\/21\/Multimedia\/2021-2022\/Vancouver-wyjazd-studyjny\/VancoGP-39.jpg)\"> <span class=\"d-none\">https:\/\/us.edu.pl\/wydzial\/wtl\/wp-content\/uploads\/sites\/21\/Multimedia\/2021-2022\/Vancouver-wyjazd-studyjny\/VancoGP-39.jpg<\/span> <\/a><a data-fancybox-group=\"button\" title=\"\" data-fancybox=\"7943\" href=\"https:\/\/us.edu.pl\/wydzial\/wtl\/wp-content\/uploads\/sites\/21\/Multimedia\/2021-2022\/Vancouver-wyjazd-studyjny\/VancoGP-26.jpg\" class=\"gallery__item thumbnail\"\r\n                                    style=\"background-image: url(https:\/\/us.edu.pl\/wydzial\/wtl\/wp-content\/uploads\/sites\/21\/Multimedia\/2021-2022\/Vancouver-wyjazd-studyjny\/VancoGP-26.jpg)\"> <span class=\"d-none\">https:\/\/us.edu.pl\/wydzial\/wtl\/wp-content\/uploads\/sites\/21\/Multimedia\/2021-2022\/Vancouver-wyjazd-studyjny\/VancoGP-26.jpg<\/span> <\/a><a data-fancybox-group=\"button\" title=\"\" data-fancybox=\"7943\" href=\"https:\/\/us.edu.pl\/wydzial\/wtl\/wp-content\/uploads\/sites\/21\/Multimedia\/2021-2022\/Vancouver-wyjazd-studyjny\/VancoGP-13.jpg\" class=\"gallery__item thumbnail\"\r\n                                    style=\"background-image: url(https:\/\/us.edu.pl\/wydzial\/wtl\/wp-content\/uploads\/sites\/21\/Multimedia\/2021-2022\/Vancouver-wyjazd-studyjny\/VancoGP-13.jpg)\"> <span class=\"d-none\">https:\/\/us.edu.pl\/wydzial\/wtl\/wp-content\/uploads\/sites\/21\/Multimedia\/2021-2022\/Vancouver-wyjazd-studyjny\/VancoGP-13.jpg<\/span> <\/a><a data-fancybox-group=\"button\" title=\"\" data-fancybox=\"7943\" href=\"https:\/\/us.edu.pl\/wydzial\/wtl\/wp-content\/uploads\/sites\/21\/Multimedia\/2021-2022\/Vancouver-wyjazd-studyjny\/20220605_162437-rotated.jpg\" class=\"gallery__item thumbnail\"\r\n                                    style=\"background-image: url(https:\/\/us.edu.pl\/wydzial\/wtl\/wp-content\/uploads\/sites\/21\/Multimedia\/2021-2022\/Vancouver-wyjazd-studyjny\/20220605_162437-rotated.jpg)\"> <span class=\"d-none\">https:\/\/us.edu.pl\/wydzial\/wtl\/wp-content\/uploads\/sites\/21\/Multimedia\/2021-2022\/Vancouver-wyjazd-studyjny\/20220605_162437-rotated.jpg<\/span> <\/a><a data-fancybox-group=\"button\" title=\"\" data-fancybox=\"7943\" href=\"https:\/\/us.edu.pl\/wydzial\/wtl\/wp-content\/uploads\/sites\/21\/Multimedia\/2021-2022\/Vancouver-wyjazd-studyjny\/20220605_165437.jpg\" class=\"gallery__item thumbnail\"\r\n                                    style=\"background-image: url(https:\/\/us.edu.pl\/wydzial\/wtl\/wp-content\/uploads\/sites\/21\/Multimedia\/2021-2022\/Vancouver-wyjazd-studyjny\/20220605_165437.jpg)\"> <span class=\"d-none\">https:\/\/us.edu.pl\/wydzial\/wtl\/wp-content\/uploads\/sites\/21\/Multimedia\/2021-2022\/Vancouver-wyjazd-studyjny\/20220605_165437.jpg<\/span> <\/a><a data-fancybox-group=\"button\" title=\"\" data-fancybox=\"7943\" href=\"https:\/\/us.edu.pl\/wydzial\/wtl\/wp-content\/uploads\/sites\/21\/Multimedia\/2021-2022\/Vancouver-wyjazd-studyjny\/IMG_5719.jpg\" class=\"gallery__item thumbnail\"\r\n                                    style=\"background-image: url(https:\/\/us.edu.pl\/wydzial\/wtl\/wp-content\/uploads\/sites\/21\/Multimedia\/2021-2022\/Vancouver-wyjazd-studyjny\/IMG_5719.jpg)\"> <span class=\"d-none\">https:\/\/us.edu.pl\/wydzial\/wtl\/wp-content\/uploads\/sites\/21\/Multimedia\/2021-2022\/Vancouver-wyjazd-studyjny\/IMG_5719.jpg<\/span> <\/a><a data-fancybox-group=\"button\" title=\"\" data-fancybox=\"7943\" href=\"https:\/\/us.edu.pl\/wydzial\/wtl\/wp-content\/uploads\/sites\/21\/Multimedia\/2021-2022\/Vancouver-wyjazd-studyjny\/IMG_5744.jpg\" class=\"gallery__item thumbnail\"\r\n                                    style=\"background-image: url(https:\/\/us.edu.pl\/wydzial\/wtl\/wp-content\/uploads\/sites\/21\/Multimedia\/2021-2022\/Vancouver-wyjazd-studyjny\/IMG_5744.jpg)\"> <span class=\"d-none\">https:\/\/us.edu.pl\/wydzial\/wtl\/wp-content\/uploads\/sites\/21\/Multimedia\/2021-2022\/Vancouver-wyjazd-studyjny\/IMG_5744.jpg<\/span> <\/a><a data-fancybox-group=\"button\" title=\"\" data-fancybox=\"7943\" href=\"https:\/\/us.edu.pl\/wydzial\/wtl\/wp-content\/uploads\/sites\/21\/Multimedia\/2021-2022\/Vancouver-wyjazd-studyjny\/IMG_20220606_154137.jpg\" class=\"gallery__item thumbnail\"\r\n                                    style=\"background-image: url(https:\/\/us.edu.pl\/wydzial\/wtl\/wp-content\/uploads\/sites\/21\/Multimedia\/2021-2022\/Vancouver-wyjazd-studyjny\/IMG_20220606_154137.jpg)\"> <span class=\"d-none\">https:\/\/us.edu.pl\/wydzial\/wtl\/wp-content\/uploads\/sites\/21\/Multimedia\/2021-2022\/Vancouver-wyjazd-studyjny\/IMG_20220606_154137.jpg<\/span> <\/a><a data-fancybox-group=\"button\" title=\"\" data-fancybox=\"7943\" href=\"https:\/\/us.edu.pl\/wydzial\/wtl\/wp-content\/uploads\/sites\/21\/Multimedia\/2021-2022\/Vancouver-wyjazd-studyjny\/IMG_20220607_132301-rotated.jpg\" class=\"gallery__item thumbnail\"\r\n                                    style=\"background-image: url(https:\/\/us.edu.pl\/wydzial\/wtl\/wp-content\/uploads\/sites\/21\/Multimedia\/2021-2022\/Vancouver-wyjazd-studyjny\/IMG_20220607_132301-rotated.jpg)\"> <span class=\"d-none\">https:\/\/us.edu.pl\/wydzial\/wtl\/wp-content\/uploads\/sites\/21\/Multimedia\/2021-2022\/Vancouver-wyjazd-studyjny\/IMG_20220607_132301-rotated.jpg<\/span> <\/a><a data-fancybox-group=\"button\" title=\"\" data-fancybox=\"7943\" href=\"https:\/\/us.edu.pl\/wydzial\/wtl\/wp-content\/uploads\/sites\/21\/Multimedia\/2021-2022\/Vancouver-wyjazd-studyjny\/20220605_105058-rotated.jpg\" class=\"gallery__item thumbnail\"\r\n                                    style=\"background-image: url(https:\/\/us.edu.pl\/wydzial\/wtl\/wp-content\/uploads\/sites\/21\/Multimedia\/2021-2022\/Vancouver-wyjazd-studyjny\/20220605_105058-rotated.jpg)\"> <span class=\"d-none\">https:\/\/us.edu.pl\/wydzial\/wtl\/wp-content\/uploads\/sites\/21\/Multimedia\/2021-2022\/Vancouver-wyjazd-studyjny\/20220605_105058-rotated.jpg<\/span> <\/a><a data-fancybox-group=\"button\" title=\"\" data-fancybox=\"7943\" href=\"https:\/\/us.edu.pl\/wydzial\/wtl\/wp-content\/uploads\/sites\/21\/Bez-kategorii\/04.jpg\" class=\"gallery__item thumbnail\"\r\n                                    style=\"background-image: url(https:\/\/us.edu.pl\/wydzial\/wtl\/wp-content\/uploads\/sites\/21\/Bez-kategorii\/04-1024x777.jpg)\"> <span class=\"d-none\">https:\/\/us.edu.pl\/wydzial\/wtl\/wp-content\/uploads\/sites\/21\/Bez-kategorii\/04.jpg<\/span> <\/a><a data-fancybox-group=\"button\" title=\"\" data-fancybox=\"7943\" href=\"https:\/\/us.edu.pl\/wydzial\/wtl\/wp-content\/uploads\/sites\/21\/Bez-kategorii\/03.jpg\" class=\"gallery__item thumbnail\"\r\n                                    style=\"background-image: url(https:\/\/us.edu.pl\/wydzial\/wtl\/wp-content\/uploads\/sites\/21\/Bez-kategorii\/03-1024x637.jpg)\"> <span class=\"d-none\">https:\/\/us.edu.pl\/wydzial\/wtl\/wp-content\/uploads\/sites\/21\/Bez-kategorii\/03.jpg<\/span> <\/a><a data-fancybox-group=\"button\" title=\"\" data-fancybox=\"7943\" href=\"https:\/\/us.edu.pl\/wydzial\/wtl\/wp-content\/uploads\/sites\/21\/Bez-kategorii\/02.jpg\" class=\"gallery__item thumbnail\"\r\n                                    style=\"background-image: url(https:\/\/us.edu.pl\/wydzial\/wtl\/wp-content\/uploads\/sites\/21\/Bez-kategorii\/02-1024x683.jpg)\"> <span class=\"d-none\">https:\/\/us.edu.pl\/wydzial\/wtl\/wp-content\/uploads\/sites\/21\/Bez-kategorii\/02.jpg<\/span> <\/a><a data-fancybox-group=\"button\" title=\"\" data-fancybox=\"7943\" href=\"https:\/\/us.edu.pl\/wydzial\/wtl\/wp-content\/uploads\/sites\/21\/Bez-kategorii\/01b.jpg\" class=\"gallery__item thumbnail\"\r\n                                    style=\"background-image: url(https:\/\/us.edu.pl\/wydzial\/wtl\/wp-content\/uploads\/sites\/21\/Bez-kategorii\/01b.jpg)\"> <span class=\"d-none\">https:\/\/us.edu.pl\/wydzial\/wtl\/wp-content\/uploads\/sites\/21\/Bez-kategorii\/01b.jpg<\/span> <\/a><a data-fancybox-group=\"button\" title=\"\" data-fancybox=\"7943\" href=\"https:\/\/us.edu.pl\/wydzial\/wtl\/wp-content\/uploads\/sites\/21\/Bez-kategorii\/01a.jpg\" class=\"gallery__item thumbnail\"\r\n                                    style=\"background-image: url(https:\/\/us.edu.pl\/wydzial\/wtl\/wp-content\/uploads\/sites\/21\/Bez-kategorii\/01a.jpg)\"> <span class=\"d-none\">https:\/\/us.edu.pl\/wydzial\/wtl\/wp-content\/uploads\/sites\/21\/Bez-kategorii\/01a.jpg<\/span> <\/a>\r\n                            <\/div>\r\n                    <\/div>\r\n                <\/div>[\/vc_column][\/vc_row][vc_row][vc_column]\r\n                <div class=\"text-modules\">\r\n                    <div class=\"container\">\r\n                        \r\n                        <div class=\"text-modules__content\"><p><img class=\"wp-image-157472 aligncenter\" src=\"https:\/\/us.edu.pl\/wydzial\/wtl\/wp-content\/uploads\/sites\/21\/Bez-kategorii\/FE_POWER_poziom_pl-1_rgb-300x39.png\" alt=\"\" width=\"1200\" height=\"156\" srcset=\"https:\/\/us.edu.pl\/wydzial\/wtl\/wp-content\/uploads\/sites\/21\/Bez-kategorii\/FE_POWER_poziom_pl-1_rgb-300x39.png 300w, https:\/\/us.edu.pl\/wydzial\/wtl\/wp-content\/uploads\/sites\/21\/Bez-kategorii\/FE_POWER_poziom_pl-1_rgb-1024x132.png 1024w, https:\/\/us.edu.pl\/wydzial\/wtl\/wp-content\/uploads\/sites\/21\/Bez-kategorii\/FE_POWER_poziom_pl-1_rgb-768x99.png 768w, https:\/\/us.edu.pl\/wydzial\/wtl\/wp-content\/uploads\/sites\/21\/Bez-kategorii\/FE_POWER_poziom_pl-1_rgb-575x74.png 575w\" sizes=\"(max-width: 1200px) 100vw, 1200px\" \/><\/p>\n<\/div>\r\n                    <\/div>\r\n                <\/div>[\/vc_column][\/vc_row]<\/p>","protected":false},"excerpt":{"rendered":"<p>[vc_row][vc_column][\/vc_column][\/vc_row][vc_row][vc_column][\/vc_column][\/vc_row][vc_row][vc_column][\/vc_column][\/vc_row] [&#8230;]<\/p>\n<p><a class=\"btn btn-secondary understrap-read-more-link\" href=\"https:\/\/us.edu.pl\/wydzial\/wtl\/2022\/06\/30\/wyjazd-studyjny-do-kanady-vancouver-4-11-czerwca-2022\/\">Read More&#8230;<\/a><\/p>\n","protected":false},"author":120,"featured_media":156412,"comment_status":"open","ping_status":"open","sticky":false,"template":"","format":"standard","meta":{"_expiration-date-status":"","_expiration-date":0,"_expiration-date-type":"","_expiration-date-categories":[],"_expiration-date-options":[]},"categories":[77,81,67],"tags":[],"acf":[],"_links":{"self":[{"href":"https:\/\/us.edu.pl\/wydzial\/wtl\/wp-json\/wp\/v2\/posts\/156426"}],"collection":[{"href":"https:\/\/us.edu.pl\/wydzial\/wtl\/wp-json\/wp\/v2\/posts"}],"about":[{"href":"https:\/\/us.edu.pl\/wydzial\/wtl\/wp-json\/wp\/v2\/types\/post"}],"author":[{"embeddable":true,"href":"https:\/\/us.edu.pl\/wydzial\/wtl\/wp-json\/wp\/v2\/users\/120"}],"replies":[{"embeddable":true,"href":"https:\/\/us.edu.pl\/wydzial\/wtl\/wp-json\/wp\/v2\/comments?post=156426"}],"version-history":[{"count":9,"href":"https:\/\/us.edu.pl\/wydzial\/wtl\/wp-json\/wp\/v2\/posts\/156426\/revisions"}],"predecessor-version":[{"id":157525,"href":"https:\/\/us.edu.pl\/wydzial\/wtl\/wp-json\/wp\/v2\/posts\/156426\/revisions\/157525"}],"wp:featuredmedia":[{"embeddable":true,"href":"https:\/\/us.edu.pl\/wydzial\/wtl\/wp-json\/wp\/v2\/media\/156412"}],"wp:attachment":[{"href":"https:\/\/us.edu.pl\/wydzial\/wtl\/wp-json\/wp\/v2\/media?parent=156426"}],"wp:term":[{"taxonomy":"category","embeddable":true,"href":"https:\/\/us.edu.pl\/wydzial\/wtl\/wp-json\/wp\/v2\/categories?post=156426"},{"taxonomy":"post_tag","embeddable":true,"href":"https:\/\/us.edu.pl\/wydzial\/wtl\/wp-json\/wp\/v2\/tags?post=156426"}],"curies":[{"name":"wp","href":"https:\/\/api.w.org\/{rel}","templated":true}]}}