{"id":157580,"date":"2023-01-03T09:55:39","date_gmt":"2023-01-03T08:55:39","guid":{"rendered":"https:\/\/us.edu.pl\/wydzial\/wtl\/?p=157580"},"modified":"2023-02-14T08:42:59","modified_gmt":"2023-02-14T07:42:59","slug":"rekrutacja-na-studia-podyplomowe-teologiczno-katechetyczne-semestr-letni-2022-2023","status":"publish","type":"post","link":"https:\/\/us.edu.pl\/wydzial\/wtl\/2023\/01\/03\/rekrutacja-na-studia-podyplomowe-teologiczno-katechetyczne-semestr-letni-2022-2023\/","title":{"rendered":"Rekrutacja na Studia Podyplomowe Teologiczno-Katechetyczne \u2013 semestr letni 2022\/2023"},"content":{"rendered":"<p>[vc_row][vc_column]\r\n                <div class=\"text-modules\">\r\n                    <div class=\"container\">\r\n                        \r\n                        <div class=\"text-modules__content\"><p><span style=\"font-size: 12pt;\">Ruszyli\u015bmy z rekrutacj\u0105 na Studia Podyplomowe Teologiczno-Katechetyczne (SPTK). Internetowa rejestracja kandydat\u00f3w trwa <strong>do 5 lutego 2023 r.<\/strong> W celu zapisania si\u0119 na studia nale\u017cy utworzy\u0107 konto w systemie <strong>IRK<\/strong>, a nast\u0119pnie zarejestrowa\u0107 si\u0119 na w\u0142a\u015bciw\u0105 edycj\u0119 studi\u00f3w: STUDIA PODYPLOMOWE \u2013 nab\u00f3r na semestr letni (POD-2022-L):<\/span><br \/>\n<span style=\"font-size: 12pt;\"><a href=\"https:\/\/irk2.us.edu.pl\/pl\/offer\/POD-2022-L\/programme\/W7-NPTK19\/\">https:\/\/irk2.us.edu.pl\/pl\/offer\/POD-2022-L\/programme\/W7-NPTK19\/<\/a><\/span><\/p>\n<p><span style=\"font-size: 12pt;\">Rozmowy kwalifikacyjne z kierownikiem studi\u00f3w podyplomowych zaplanowane s\u0105 na <strong>8 i 9 lutego 2023 r.<\/strong> (od godziny 16.00, termin ustalony z kandydatami).<\/span><\/p>\n<p>&nbsp;<\/p>\n<p><span style=\"font-size: 12pt;\">Informacje o studiach, terminach i op\u0142atach:<\/span><br \/>\n<span style=\"font-size: 12pt;\"><a href=\"https:\/\/www.studiapodyplomowe.us.edu.pl\/kwalifikacyjne-studia-podyplomowe-teologiczno-katechetyczne\/\">https:\/\/www.studiapodyplomowe.us.edu.pl\/kwalifikacyjne-studia-podyplomowe-teologiczno-katechetyczne\/<\/a><\/span><\/p>\n<\/div>\r\n                    <\/div>\r\n                <\/div>[\/vc_column][\/vc_row]<\/p>","protected":false},"excerpt":{"rendered":"<p>[vc_row][vc_column][\/vc_column][\/vc_row] [&#8230;]<\/p>\n<p><a class=\"btn btn-secondary understrap-read-more-link\" href=\"https:\/\/us.edu.pl\/wydzial\/wtl\/2023\/01\/03\/rekrutacja-na-studia-podyplomowe-teologiczno-katechetyczne-semestr-letni-2022-2023\/\">Read More&#8230;<\/a><\/p>\n","protected":false},"author":2477,"featured_media":157578,"comment_status":"open","ping_status":"open","sticky":true,"template":"","format":"standard","meta":{"_expiration-date-status":"","_expiration-date":0,"_expiration-date-type":"","_expiration-date-categories":[],"_expiration-date-options":[]},"categories":[59],"tags":[],"acf":[],"_links":{"self":[{"href":"https:\/\/us.edu.pl\/wydzial\/wtl\/wp-json\/wp\/v2\/posts\/157580"}],"collection":[{"href":"https:\/\/us.edu.pl\/wydzial\/wtl\/wp-json\/wp\/v2\/posts"}],"about":[{"href":"https:\/\/us.edu.pl\/wydzial\/wtl\/wp-json\/wp\/v2\/types\/post"}],"author":[{"embeddable":true,"href":"https:\/\/us.edu.pl\/wydzial\/wtl\/wp-json\/wp\/v2\/users\/2477"}],"replies":[{"embeddable":true,"href":"https:\/\/us.edu.pl\/wydzial\/wtl\/wp-json\/wp\/v2\/comments?post=157580"}],"version-history":[{"count":1,"href":"https:\/\/us.edu.pl\/wydzial\/wtl\/wp-json\/wp\/v2\/posts\/157580\/revisions"}],"predecessor-version":[{"id":157581,"href":"https:\/\/us.edu.pl\/wydzial\/wtl\/wp-json\/wp\/v2\/posts\/157580\/revisions\/157581"}],"wp:featuredmedia":[{"embeddable":true,"href":"https:\/\/us.edu.pl\/wydzial\/wtl\/wp-json\/wp\/v2\/media\/157578"}],"wp:attachment":[{"href":"https:\/\/us.edu.pl\/wydzial\/wtl\/wp-json\/wp\/v2\/media?parent=157580"}],"wp:term":[{"taxonomy":"category","embeddable":true,"href":"https:\/\/us.edu.pl\/wydzial\/wtl\/wp-json\/wp\/v2\/categories?post=157580"},{"taxonomy":"post_tag","embeddable":true,"href":"https:\/\/us.edu.pl\/wydzial\/wtl\/wp-json\/wp\/v2\/tags?post=157580"}],"curies":[{"name":"wp","href":"https:\/\/api.w.org\/{rel}","templated":true}]}}