{"id":161084,"date":"2024-09-19T07:59:21","date_gmt":"2024-09-19T05:59:21","guid":{"rendered":"https:\/\/us.edu.pl\/wydzial\/wtl\/?p=161084"},"modified":"2024-09-19T07:59:21","modified_gmt":"2024-09-19T05:59:21","slug":"zaproszenie-na-miedzynarodowa-konferencje-e-sl4eu","status":"publish","type":"post","link":"https:\/\/us.edu.pl\/wydzial\/wtl\/2024\/09\/19\/zaproszenie-na-miedzynarodowa-konferencje-e-sl4eu\/","title":{"rendered":"Zaproszenie na Mi\u0119dzynarodow\u0105 Konferencj\u0119 e-SL4EU"},"content":{"rendered":"<p>[vc_row][vc_column]\r\n                <div class=\"text-modules \">\r\n                    <div class=\"container\">\r\n                         \r\n                        <div class=\"row m-0\">\r\n                            <div class=\"text-modules__content\">\r\n                                <\/p>\n<div>\n<p><span style=\"font-family: Segoe UI;\"><span lang=\"PL-PL\">Zapraszamy do udzia\u0142u w <strong>mi\u0119dzynarodowej konferencji naukowej\u00a0<\/strong><\/span><strong><span lang=\"PL-PL\">\u201eTransformative Learning Through Service: A European Perspective on E-Service Learning&#8221;<\/span><\/strong><span lang=\"PL-PL\">, kt\u00f3ra odb\u0119dzie si\u0119 w\u00a0<\/span><strong><span lang=\"PL-PL\">25 pa\u017adziernika 2024<\/span><span lang=\"PL-PL\">\u00a0<\/span><\/strong><span lang=\"PL-PL\">na Wydziale Teologicznym Uniwersytetu \u015al\u0105skiego w Katowicach, ul. Jordana 18<\/span><span lang=\"PL-PL\">.\u00a0\u00a0<\/span><span lang=\"PL-PL\">\u00a0<\/span>\u00a0<\/span><\/p>\n<\/div>\n<div>\n<p><span style=\"font-family: Segoe UI;\"><span lang=\"PL-PL\">Organizatorem konferencji jest konsorcjum pi\u0119ciu uczelni:\u00a0\u00a0<\/span>\u00a0<\/span><\/p>\n<\/div>\n<div>\n<ul>\n<li><span style=\"font-family: Segoe UI;\"><span lang=\"PL-PL\">Uniwersytet \u015al\u0105ski w Katowicach\u00a0\u00a0<\/span>\u00a0<\/span><\/li>\n<\/ul>\n<\/div>\n<div>\n<ul>\n<li><span style=\"font-family: Segoe UI;\"><span lang=\"PL-PL\">Uniwersytet LUMSA w Rzymie\u00a0\u00a0<\/span>\u00a0<\/span><\/li>\n<\/ul>\n<\/div>\n<div>\n<ul>\n<li><span style=\"font-family: Segoe UI;\"><span lang=\"PL-PL\">Uniwersytet Mateja Bela w Ba\u0144skiej Bystrzycy\u00a0\u00a0<\/span>\u00a0<\/span><\/li>\n<\/ul>\n<\/div>\n<div>\n<ul>\n<li><span style=\"font-family: Segoe UI;\"><span lang=\"PL-PL\">Uniwersytet w Zagrzebiu\u00a0\u00a0<\/span>\u00a0<\/span><\/li>\n<\/ul>\n<\/div>\n<div>\n<ul>\n<li><span style=\"font-family: Segoe UI;\"><span lang=\"PL-PL\">Uniwersytet Politechniczny w Bukareszcie\u00a0\u00a0<\/span>\u00a0<\/span><\/li>\n<\/ul>\n<\/div>\n<div>\n<p><span style=\"font-family: Segoe UI;\"><span lang=\"PL-PL\">Celem<\/span><span lang=\"PL-PL\">\u00a0<\/span><span lang=\"PL-PL\">konferencji jest zaprezentowanie wynik\u00f3w mi\u0119dzynarodowego projektu e-SL4EU [<\/span><span lang=\"PL-PL\">e-Service Learning for\u00a0more\u00a0digital\u00a0and inclusive EU Higher Education systems<\/span><span lang=\"PL-PL\">]; prezentacja Service Learning (SL) &#8211; nowatorskiej dydaktyki w szkolnictwie wy\u017cszym i r\u00f3\u017cnych form jej realizacji; przedstawienie narz\u0119dzi i metodyki SL; zaprezentowanie zrealizowanych przez student\u00f3w mikroprojekt\u00f3w oraz ich wp\u0142ywu na spo\u0142eczno\u015b\u0107, a tak\u017ce wymiana wiedzy i najlepszych praktyk oraz rozw\u00f3j partnerstw i wsp\u00f3lnych inicjatyw.\u00a0\u00a0\u00a0<\/span>\u00a0\u00a0<span lang=\"PL-PL\">\u00a0\u00a0\u00a0<\/span><span lang=\"PL-PL\">\u00a0<\/span>\u00a0<\/span><\/p>\n<\/div>\n<div>\n<p><span style=\"font-family: Segoe UI;\"><strong><span lang=\"PL-PL\">Adresatami<\/span><span lang=\"PL-PL\">\u00a0konferencji s\u0105\u00a0<\/span><\/strong><span lang=\"PL-PL\"><strong>nauczyciele akademiccy, wyk\u0142adowcy, edukatorzy \/ badacze uczelni wy\u017cszych, studenci i doktoranci, oraz instytucje i agencje spo\u0142eczne.<\/strong>\u00a0<\/span><span lang=\"PL-PL\">\u00a0<\/span>\u00a0<\/span><\/p>\n<\/div>\n<div>\n<p><span style=\"font-family: Segoe UI;\"><span lang=\"PL-PL\">Udzia\u0142 w konferencji mo\u017cliwy jest po zarejestrowaniu si\u0119 poprzez ten\u00a0<\/span><a href=\"https:\/\/docs.google.com\/forms\/d\/e\/1FAIpQLSd4ldfoIhF5RuJOFQqZl91gRkwmZPz6siX0q87s5Sp1WCvnmA\/viewform\" target=\"_blank\" rel=\"noopener noreferrer\"><span lang=\"PL-PL\">link<\/span><\/a><span lang=\"PL-PL\">\u00a0lub za po\u015brednictwem kodu QR na stronie projektu:\u00a0<\/span><a href=\"https:\/\/e-sl4eu.us.edu.pl\/zaproszenie-na-miedzynarodowa-konferencje-e-sl4eu-do-katowic\/\" target=\"_blank\" rel=\"noopener noreferrer\"><span lang=\"PL-PL\">https:\/\/e-sl4eu.us.edu.pl\/zaproszenie-na-miedzynarodowa-konferencje-e-sl4eu-do-katowic\/<\/span><\/a><span lang=\"PL-PL\">\u00a0\u00a0<\/span>\u00a0<\/span><\/p>\n<\/div>\n<div>\n<p><span style=\"font-family: Segoe UI;\"><span lang=\"PL-PL\">Szczeg\u00f3\u0142owy program<\/span><span lang=\"PL-PL\">\u00a0zostanie przes\u0142any uczestnikom konferencji w p\u00f3\u017aniejszym terminie.\u00a0\u00a0<\/span>\u00a0<\/span><\/p>\n<\/div>\n<div>\n<p><span style=\"font-family: Segoe UI;\"><span lang=\"PL-PL\">Liczymy na Pa\u0144stwa zainteresowanie i obecno\u015b\u0107! Do zobaczenia!<\/span>\u00a0<\/span><\/p>\n<\/div>\n<div class=\"mt-3\"><\/div>\r\n                            <\/div>\r\n                            \r\n                            <div class=\"text-modules__img\"><img src=\"https:\/\/us.edu.pl\/wydzial\/wtl\/wp-content\/uploads\/sites\/21\/Bez-kategorii\/Plakat-scaled.jpg\" alt=\"img\"><\/div>\r\n                        <\/div>\r\n                    <\/div>\r\n                <\/div>[\/vc_column][\/vc_row]<\/p>","protected":false},"excerpt":{"rendered":"<p>[vc_row][vc_column][\/vc_column][\/vc_row] [&#8230;]<\/p>\n<p><a class=\"btn btn-secondary understrap-read-more-link\" href=\"https:\/\/us.edu.pl\/wydzial\/wtl\/2024\/09\/19\/zaproszenie-na-miedzynarodowa-konferencje-e-sl4eu\/\">Read More&#8230;<\/a><\/p>\n","protected":false},"author":2477,"featured_media":161089,"comment_status":"open","ping_status":"open","sticky":false,"template":"","format":"standard","meta":{"_expiration-date-status":"","_expiration-date":0,"_expiration-date-type":"","_expiration-date-categories":[],"_expiration-date-options":[]},"categories":[10],"tags":[],"acf":[],"_links":{"self":[{"href":"https:\/\/us.edu.pl\/wydzial\/wtl\/wp-json\/wp\/v2\/posts\/161084"}],"collection":[{"href":"https:\/\/us.edu.pl\/wydzial\/wtl\/wp-json\/wp\/v2\/posts"}],"about":[{"href":"https:\/\/us.edu.pl\/wydzial\/wtl\/wp-json\/wp\/v2\/types\/post"}],"author":[{"embeddable":true,"href":"https:\/\/us.edu.pl\/wydzial\/wtl\/wp-json\/wp\/v2\/users\/2477"}],"replies":[{"embeddable":true,"href":"https:\/\/us.edu.pl\/wydzial\/wtl\/wp-json\/wp\/v2\/comments?post=161084"}],"version-history":[{"count":2,"href":"https:\/\/us.edu.pl\/wydzial\/wtl\/wp-json\/wp\/v2\/posts\/161084\/revisions"}],"predecessor-version":[{"id":161096,"href":"https:\/\/us.edu.pl\/wydzial\/wtl\/wp-json\/wp\/v2\/posts\/161084\/revisions\/161096"}],"wp:featuredmedia":[{"embeddable":true,"href":"https:\/\/us.edu.pl\/wydzial\/wtl\/wp-json\/wp\/v2\/media\/161089"}],"wp:attachment":[{"href":"https:\/\/us.edu.pl\/wydzial\/wtl\/wp-json\/wp\/v2\/media?parent=161084"}],"wp:term":[{"taxonomy":"category","embeddable":true,"href":"https:\/\/us.edu.pl\/wydzial\/wtl\/wp-json\/wp\/v2\/categories?post=161084"},{"taxonomy":"post_tag","embeddable":true,"href":"https:\/\/us.edu.pl\/wydzial\/wtl\/wp-json\/wp\/v2\/tags?post=161084"}],"curies":[{"name":"wp","href":"https:\/\/api.w.org\/{rel}","templated":true}]}}