{"id":1618,"date":"2020-04-24T17:18:32","date_gmt":"2020-04-24T15:18:32","guid":{"rendered":"https:\/\/us.edu.pl\/wydzial\/wtl\/?p=1618"},"modified":"2020-07-07T22:24:07","modified_gmt":"2020-07-07T20:24:07","slug":"iv-studencko-doktorancka-konferencja-naukowa-newmanalia-odkrywajac-ortodoksje","status":"publish","type":"post","link":"https:\/\/us.edu.pl\/wydzial\/wtl\/2020\/04\/24\/iv-studencko-doktorancka-konferencja-naukowa-newmanalia-odkrywajac-ortodoksje\/","title":{"rendered":"IV Studencko-Doktorancka Konferencja Naukowa \u201eNEWMANALIA \u2013 odkrywaj\u0105c ortodoksj\u0119\u201d"},"content":{"rendered":"<p>IV Studencko-Doktorancka Konferencja Naukowa <strong>\u201eNEWMANALIA \u2013 odkrywaj\u0105c ortodoksj\u0119\u201d<\/strong>, kt\u00f3rej tegoroczna edycja jest zatytu\u0142owana: <strong>\u201eTeologia papie\u017ca Franciszka\u201d<\/strong>, odb\u0119dzie si\u0119 w formie wideokonferencji. Pragn\u0105c wyj\u015b\u0107 naprzeciw studentom i doktorantom w czasie ogranicze\u0144 zwi\u0105zanych z epidemi\u0105, wprowadzili\u015bmy kilka zmian organizacyjnych:<\/p>\n<p>\u00b7\u00a0<strong>Konferencja odb\u0119dzie si\u0119 w trybie zdalnym w terminie 9 czerwca b.r.\u00a0<\/strong><\/p>\n<p>\u00b7 Termin nadsy\u0142ania abstrakt\u00f3w zosta\u0142 przed\u0142u\u017cony do 17 maja b.r.<\/p>\n<p>\u00b7 Ze wzgl\u0119du na zdalny tryb wydarzenia op\u0142aty konferencyjne nie b\u0119d\u0105 pobierane.<\/p>\n<p>\u00b7 Pozostaje temat przewodni \u201eTeologia papie\u017ca Franciszka\u201d, niemniej jednak wcze\u015bniej podane bloki tematyczne mo\u017cna potraktowa\u0107 tylko jako inspiracj\u0119. Przyjmujemy referaty na dowolny temat z dziedziny teologii lub nauk humanistycznych bliskich teologii powi\u0105zany z tematem g\u0142\u00f3wnym.<\/p>\n<p>\u00b7 Z racji zamkni\u0119cia bibliotek podanie bibliografii w zg\u0142oszeniu jest opcjonalne.<\/p>\n<p>&nbsp;<\/p>\n<p>Zg\u0142oszenie mo\u017cliwe jest tylko przez formularz rejestracyjny. W zale\u017cno\u015bci od poziomu referat\u00f3w planowane jest wydanie recenzowanej monografii wieloautorskiej.<\/p>\n<p>&nbsp;<\/p>\n<p>Wi\u0119cej informacji na temat \u201eNewmanali\u00f3w\u201d mo\u017cna znale\u017a\u0107 w za\u0142\u0105czonym <a href=\"https:\/\/us.edu.pl\/wydzial\/wtl\/wp-content\/uploads\/sites\/21\/Konferencje\/Newmanalia-online-LIST-INTENCYJNY.pdf\" class=\"mtli_attachment mtli_pdf\" data-mtli=\"mtli_filesize149,16kB\">li\u015bcie intencyjnym<\/a> oraz na stronie internetowej i na Facebooku.<\/p>\n<p>&nbsp;<\/p>\n<p>Formularz rejestracyjny: <a href=\"https:\/\/docs.google.com\/forms\/d\/e\/1FAIpQLSdGIS3U1pmVX8j2F_E9OhQZN32-UwKixO_ttt-QvHzVNnKxdw\/viewform\">https:\/\/docs.google.com\/forms\/d\/e\/1FAIpQLSdGIS3U1pmVX8j2F_E9OhQZN32-UwKixO_ttt-QvHzVNnKxdw\/viewform<\/a><\/p>\n<p>Strona: <a href=\"https:\/\/newmanalia.wordpress.com\/\">https:\/\/newmanalia.wordpress.com\/<\/a><\/p>\n<p>Wydarzenie na fb: <a href=\"https:\/\/www.facebook.com\/events\/866683130502136\/\">https:\/\/www.facebook.com\/events\/866683130502136\/<\/a><\/p>\n<p><img class=\"alignnone wp-image-1621 size-full\" src=\"https:\/\/us.edu.pl\/wydzial\/wtl\/wp-content\/uploads\/sites\/21\/Konferencje\/Newmanalia-Plakat.jpg\" alt=\"\" width=\"1000\" height=\"1415\" srcset=\"https:\/\/us.edu.pl\/wydzial\/wtl\/wp-content\/uploads\/sites\/21\/Konferencje\/Newmanalia-Plakat.jpg 1000w, https:\/\/us.edu.pl\/wydzial\/wtl\/wp-content\/uploads\/sites\/21\/Konferencje\/Newmanalia-Plakat-212x300.jpg 212w, https:\/\/us.edu.pl\/wydzial\/wtl\/wp-content\/uploads\/sites\/21\/Konferencje\/Newmanalia-Plakat-768x1087.jpg 768w, https:\/\/us.edu.pl\/wydzial\/wtl\/wp-content\/uploads\/sites\/21\/Konferencje\/Newmanalia-Plakat-724x1024.jpg 724w, https:\/\/us.edu.pl\/wydzial\/wtl\/wp-content\/uploads\/sites\/21\/Konferencje\/Newmanalia-Plakat-406x575.jpg 406w\" sizes=\"(max-width: 1000px) 100vw, 1000px\" \/><\/p>\n<style type=\"text\/css\">a[data-mtli~=\"mtli_filesize149,16kB\"]:after {content:\" (149,16 kB)\"}<\/style>","protected":false},"excerpt":{"rendered":"<p>IV Studencko-Doktorancka Konferencja Naukowa \u201eNEWMANALIA \u2013 odkrywaj\u0105c ortodoksj\u0119\u201d, kt\u00f3rej tegoroczna edycja jest zatytu\u0142owana: \u201eTeologia papie\u017ca Franciszka\u201d, odb\u0119dzie si\u0119 w formie wideokonferencji. Pragn\u0105c wyj\u015b\u0107 naprzeciw studentom i doktorantom w czasie ogranicze\u0144 zwi\u0105zanych z epidemi\u0105, wprowadzili\u015bmy kilka zmian organizacyjnych: \u00b7\u00a0Konferencja odb\u0119dzie si\u0119 w trybie zdalnym w terminie 9 czerwca b.r.\u00a0 \u00b7 Termin nadsy\u0142ania abstrakt\u00f3w zosta\u0142 przed\u0142u\u017cony do [&#8230;]<\/p>\n<p><a class=\"btn btn-secondary understrap-read-more-link\" href=\"https:\/\/us.edu.pl\/wydzial\/wtl\/2020\/04\/24\/iv-studencko-doktorancka-konferencja-naukowa-newmanalia-odkrywajac-ortodoksje\/\">Read More&#8230;<\/a><\/p>\n","protected":false},"author":117,"featured_media":1619,"comment_status":"open","ping_status":"open","sticky":false,"template":"","format":"standard","meta":{"_expiration-date-status":"saved","_expiration-date":0,"_expiration-date-type":"","_expiration-date-categories":[],"_expiration-date-options":[]},"categories":[59],"tags":[],"acf":[],"_links":{"self":[{"href":"https:\/\/us.edu.pl\/wydzial\/wtl\/wp-json\/wp\/v2\/posts\/1618"}],"collection":[{"href":"https:\/\/us.edu.pl\/wydzial\/wtl\/wp-json\/wp\/v2\/posts"}],"about":[{"href":"https:\/\/us.edu.pl\/wydzial\/wtl\/wp-json\/wp\/v2\/types\/post"}],"author":[{"embeddable":true,"href":"https:\/\/us.edu.pl\/wydzial\/wtl\/wp-json\/wp\/v2\/users\/117"}],"replies":[{"embeddable":true,"href":"https:\/\/us.edu.pl\/wydzial\/wtl\/wp-json\/wp\/v2\/comments?post=1618"}],"version-history":[{"count":2,"href":"https:\/\/us.edu.pl\/wydzial\/wtl\/wp-json\/wp\/v2\/posts\/1618\/revisions"}],"predecessor-version":[{"id":1623,"href":"https:\/\/us.edu.pl\/wydzial\/wtl\/wp-json\/wp\/v2\/posts\/1618\/revisions\/1623"}],"wp:featuredmedia":[{"embeddable":true,"href":"https:\/\/us.edu.pl\/wydzial\/wtl\/wp-json\/wp\/v2\/media\/1619"}],"wp:attachment":[{"href":"https:\/\/us.edu.pl\/wydzial\/wtl\/wp-json\/wp\/v2\/media?parent=1618"}],"wp:term":[{"taxonomy":"category","embeddable":true,"href":"https:\/\/us.edu.pl\/wydzial\/wtl\/wp-json\/wp\/v2\/categories?post=1618"},{"taxonomy":"post_tag","embeddable":true,"href":"https:\/\/us.edu.pl\/wydzial\/wtl\/wp-json\/wp\/v2\/tags?post=1618"}],"curies":[{"name":"wp","href":"https:\/\/api.w.org\/{rel}","templated":true}]}}