{"id":162074,"date":"2024-11-13T13:41:34","date_gmt":"2024-11-13T12:41:34","guid":{"rendered":"https:\/\/us.edu.pl\/wydzial\/wtl\/?p=162074"},"modified":"2024-11-20T12:00:52","modified_gmt":"2024-11-20T11:00:52","slug":"miedzynarodowa-konferencja-naukowa-christianity-in-europe-questions-on-unity","status":"publish","type":"post","link":"https:\/\/us.edu.pl\/wydzial\/wtl\/2024\/11\/13\/miedzynarodowa-konferencja-naukowa-christianity-in-europe-questions-on-unity\/","title":{"rendered":"Mi\u0119dzynarodowa konferencja naukowa &#8222;Christianity in Europe. Questions on Unity&#8221;"},"content":{"rendered":"<p>[vc_row][vc_column]\r\n                <div class=\"text-modules\">\r\n                    <div class=\"container\">\r\n                        \r\n                        <div class=\"text-modules__content\"><p><span style=\"font-size: 12pt;\">W dniach 4-7 listopada 2024 r. na Wydziale Teologicznym U\u015a odbywa\u0142a si\u0119 europejska konferencja naukowa &#8222;Christianity in Europe. Questions on unity&#8221;. W wyk\u0142adach i dyskusjach wzi\u0119\u0142a udzia\u0142 grupa renomowanych specjalist\u00f3w z r\u00f3\u017cnych europejskich o\u015brodk\u00f3w teologicznych. Studenci przeprowadzili ponadto warsztaty, w kt\u00f3rych wypracowywali w\u0142asne spojrzenie na zagadnienia dyskutowane na forum specjalist\u00f3w.<\/span><\/p>\n<p><span style=\"font-size: 12pt;\">W punkcie wyj\u015bcia debat stan\u0119\u0142a tematyka Synodu Biskup\u00f3w, kt\u00f3ry w pa\u017adzierniku odbywa\u0142 si\u0119 w Rzymie. Rozm\u00f3wcami byli kard. Grzegorz Ry\u015b, prof. Myriam Wijlens (Uniwersytet w Erfurcie, cz\u0142onek Komitetu Koordynacyjnego Synodu Biskup\u00f3w), prof. Jerzy Sojka (ChAT Warszawa, cz\u0142onek Rady \u015awiatowej Federacji Lutera\u0144skiej), bp Jacek Grzybowski i bp S\u0142awomir Oder. W drugiej cz\u0119\u015bci dnia teolodzy z o\u015brodk\u00f3w akademickich z Litwy, Czech, S\u0142owacji oraz Polski podzielili si\u0119 do\u015bwiadczeniami i przemy\u015bleniami z krajowych etap\u00f3w procesu synodalnego.<\/span><\/p>\n<p><span style=\"font-size: 12pt;\">W drugim dniu prof. Myriam Wijlens wprowadzi\u0142a uczestnik\u00f3w w problemy prawne zwi\u0105zane ze zmianami postulowanymi na synodzie, ods\u0142aniaj\u0105c przy tym szereg fundamentalnych kwestii teologicznych, le\u017c\u0105cych u podstaw postulowanych reform. Dalszy ci\u0105g konferencji, po\u015bwi\u0119cony jej centralnemu tematowi, to jest jedno\u015bci chrze\u015bcija\u0144stwa w Europie, winien by\u0107 rozumiany jako dyskusja nad tymi fundamentalnymi zagadnieniami wynikaj\u0105cymi z Synodu. W czasie kolejnej sesji Prof. Michael Seewald (Uniwersytet w M\u00fcnster, Exzellenzcluster &#8222;Religion und Politik&#8221;, permanent fellow Wissenschaftskolleg zu Berlin) i prof. Damian W\u0105sek (Uniwersytet Papieski Jana Paw\u0142a II w Krakowie) przedstawili do dyskusji znaczenie niekt\u00f3rych element\u00f3w doktryny chrze\u015bcija\u0144skiej dla zagadnienia ko\u015bcielnej jedno\u015bci. W popo\u0142udniowej sesji Prof. bp Alexandre Palma (Universidade Cat\u00f3lica Portuguesa, Lizbona) oraz prof. Alberto lo Presti (Uniwersytet Lumsa, Rzym) wskazali na spo\u0142eczno-historyczne i polityczne aspekty spluralizowania Europy i ich powi\u0105zania z pluralizmem i jedno\u015bci\u0105 w chrze\u015bcija\u0144stwie.<\/span><\/p>\n<p><span style=\"font-size: 12pt;\">Trzeci dzie\u0144 rozpocz\u0105\u0142 si\u0119 od dyskusji na temat g\u0142\u0119bi powi\u0105zania to\u017csamo\u015bci chrze\u015bcija\u0144stwa z kultur\u0105 i wynikaj\u0105cych z tego faktu konsekwencji dla rozumienia relacji mi\u0119dzy faktyczn\u0105 wielokszta\u0142tno\u015bci\u0105 chrze\u015bcija\u0144stwa a jego roszczeniem do jedno\u015bci wiary. W zagadnienie wprowadzili swoimi wyst\u0105pieniami prof. Margit Eckholt (Uniwersytet Osnabr\u00fcck) oraz prof. Dirk Ansorge (Sankt Georgen Graduate School of Philosophy and Theology in Frankfurt). Druga sesja by\u0142a po\u015bwi\u0119cona pytaniom o odpowiedzialno\u015b\u0107 teologii za wspieranie jedno\u015bci chrze\u015bcijan. Do inspiruj\u0105cej debaty wprowadzili swoimi referatami prof. Jean Ehret\u00a0 (Luxembourg School of Religion &amp; Society, Luxembourg) oraz dr Alex Villas Boas (Universidade Cat\u00f3lica Portuguesa). Po po\u0142udniu odby\u0142a si\u0119 sesja &#8222;emerging scholars&#8221;.<\/span><\/p>\n<p><span style=\"font-size: 12pt;\">W ostatnim, czwartym dniu odby\u0142a si\u0119 sesja, wype\u0142niona dyskusj\u0105 nad zaanga\u017cowaniem chrze\u015bcijan we wspieranie integracji europejskiej. W temat wprowadzili prof. Urszula P\u0119kala (Saarland University, Saarbr\u00fccken) oraz prof. Jerzy Sojka (ChAT Warszawa). Przed zako\u0144czeniem konferencji studenci przedstawili sprawozdanie ze swoich prac warsztatowych.<\/span><\/p>\n<\/div>\r\n                    <\/div>\r\n                <\/div>[\/vc_column][\/vc_row][vc_row][vc_column][vc_images_carousel images=&#8221;162081,162084,162086,162089,162090,162094,162096,162098,162102,162109,162105,162078&#8243; img_size=&#8221;medium&#8221; title=&#8221;1 dzie\u0144 konferencji &#8222;Christianity in Europe. Questions on unity&#8222;&#8221;][\/vc_column][\/vc_row][vc_row][vc_column][vc_images_carousel images=&#8221;162112,162113,162114,162117,162121,162124,162125,162129,162132,162136,162137,162141,162144,162146,162150,162152,162154,162157,162161,162165,162168&#8243; img_size=&#8221;medium&#8221; title=&#8221;2 dzie\u0144 konferencji &#8222;Christianity in Europe. Questions on unity&#8222;&#8221;][\/vc_column][\/vc_row][vc_row][vc_column][vc_images_carousel images=&#8221;162172,162173,162177,162180,162182,162186,162190,162194,162196,162198,162201,162204,162206,162208,162212&#8243; img_size=&#8221;medium&#8221; title=&#8221;3 dzie\u0144 konferencji \u201eChristianity in Europe. Questions on unity\u201d&#8221;][\/vc_column][\/vc_row][vc_row][vc_column][vc_images_carousel images=&#8221;162213,162217,162221,162222,162226,162230,162232,162233,162237,162241,162242&#8243; img_size=&#8221;medium&#8221; title=&#8221;4 dzie\u0144 konferencji \u201eChristianity in Europe. Questions on unity\u201d&#8221;][\/vc_column][\/vc_row][vc_row][vc_column]\r\n                <div class=\"text-modules\">\r\n                    <div class=\"container\">\r\n                        \r\n                        <div class=\"text-modules__content\"><p>fot. Mateusz Raczek<\/p>\n<\/div>\r\n                    <\/div>\r\n                <\/div>[\/vc_column][\/vc_row]<\/p>","protected":false},"excerpt":{"rendered":"<p>[vc_row][vc_column][\/vc_column][\/vc_row][vc_row][vc_column][vc_images_carousel images=&#8221;162081,162084,162086,162089,162090,162094,162096,162098,162102,162109,162105,162078&#8243; img_size=&#8221;medium&#8221; title=&#8221;1 dzie\u0144 konferencji &#8222;Christianity in Europe. Questions on unity&#8222;&#8221;][\/vc_column][\/vc_row][vc_row][vc_column][vc_images_carousel images=&#8221;162112,162113,162114,162117,162121,162124,162125,162129,162132,162136,162137,162141,162144,162146,162150,162152,162154,162157,162161,162165,162168&#8243; img_size=&#8221;medium&#8221; title=&#8221;2 dzie\u0144 konferencji &#8222;Christianity in Europe. Questions on unity&#8222;&#8221;][\/vc_column][\/vc_row][vc_row][vc_column][vc_images_carousel images=&#8221;162172,162173,162177,162180,162182,162186,162190,162194,162196,162198,162201,162204,162206,162208,162212&#8243; img_size=&#8221;medium&#8221; title=&#8221;3 dzie\u0144 konferencji \u201eChristianity in Europe. Questions on unity\u201d&#8221;][\/vc_column][\/vc_row][vc_row][vc_column][vc_images_carousel images=&#8221;162213,162217,162221,162222,162226,162230,162232,162233,162237,162241,162242&#8243; img_size=&#8221;medium&#8221; title=&#8221;4 dzie\u0144 konferencji \u201eChristianity in Europe. Questions on unity\u201d&#8221;][\/vc_column][\/vc_row][vc_row][vc_column][\/vc_column][\/vc_row] [&#8230;]<\/p>\n<p><a class=\"btn btn-secondary understrap-read-more-link\" href=\"https:\/\/us.edu.pl\/wydzial\/wtl\/2024\/11\/13\/miedzynarodowa-konferencja-naukowa-christianity-in-europe-questions-on-unity\/\">Read More&#8230;<\/a><\/p>\n","protected":false},"author":2477,"featured_media":162096,"comment_status":"open","ping_status":"open","sticky":false,"template":"","format":"standard","meta":{"_expiration-date-status":"","_expiration-date":0,"_expiration-date-type":"","_expiration-date-categories":[],"_expiration-date-options":[]},"categories":[60,10,77,86,67],"tags":[],"acf":[],"_links":{"self":[{"href":"https:\/\/us.edu.pl\/wydzial\/wtl\/wp-json\/wp\/v2\/posts\/162074"}],"collection":[{"href":"https:\/\/us.edu.pl\/wydzial\/wtl\/wp-json\/wp\/v2\/posts"}],"about":[{"href":"https:\/\/us.edu.pl\/wydzial\/wtl\/wp-json\/wp\/v2\/types\/post"}],"author":[{"embeddable":true,"href":"https:\/\/us.edu.pl\/wydzial\/wtl\/wp-json\/wp\/v2\/users\/2477"}],"replies":[{"embeddable":true,"href":"https:\/\/us.edu.pl\/wydzial\/wtl\/wp-json\/wp\/v2\/comments?post=162074"}],"version-history":[{"count":10,"href":"https:\/\/us.edu.pl\/wydzial\/wtl\/wp-json\/wp\/v2\/posts\/162074\/revisions"}],"predecessor-version":[{"id":162306,"href":"https:\/\/us.edu.pl\/wydzial\/wtl\/wp-json\/wp\/v2\/posts\/162074\/revisions\/162306"}],"wp:featuredmedia":[{"embeddable":true,"href":"https:\/\/us.edu.pl\/wydzial\/wtl\/wp-json\/wp\/v2\/media\/162096"}],"wp:attachment":[{"href":"https:\/\/us.edu.pl\/wydzial\/wtl\/wp-json\/wp\/v2\/media?parent=162074"}],"wp:term":[{"taxonomy":"category","embeddable":true,"href":"https:\/\/us.edu.pl\/wydzial\/wtl\/wp-json\/wp\/v2\/categories?post=162074"},{"taxonomy":"post_tag","embeddable":true,"href":"https:\/\/us.edu.pl\/wydzial\/wtl\/wp-json\/wp\/v2\/tags?post=162074"}],"curies":[{"name":"wp","href":"https:\/\/api.w.org\/{rel}","templated":true}]}}