{"id":162325,"date":"2024-11-25T10:01:43","date_gmt":"2024-11-25T09:01:43","guid":{"rendered":"https:\/\/us.edu.pl\/wydzial\/wtl\/?p=162325"},"modified":"2024-11-25T11:08:14","modified_gmt":"2024-11-25T10:08:14","slug":"nominacja-profesorska-dla-ks-dr-hab-henryka-olszara-prof-us","status":"publish","type":"post","link":"https:\/\/us.edu.pl\/wydzial\/wtl\/2024\/11\/25\/nominacja-profesorska-dla-ks-dr-hab-henryka-olszara-prof-us\/","title":{"rendered":"Nominacja profesorska dla ks. Henryka Olszara"},"content":{"rendered":"<p>[vc_row][vc_column]\r\n                <div class=\"text-modules\">\r\n                    <div class=\"container\">\r\n                        \r\n                        <div class=\"text-modules__content\"><p><span style=\"font-size: 12pt;\">22 listopada 2024 r. w Pa\u0142acu Prezydenckim w Warszawie odby\u0142a si\u0119 uroczysto\u015b\u0107 wr\u0119czenia nominacji profesorskich. Prezydent RP Andrzej Duda wr\u0119czy\u0142 akty nominacyjne nauczycielom akademickim oraz pracownikom nauki i sztuki. Informujemy, \u017ce z Wydzia\u0142u Teologicznego akt nominacyjny, otrzyma\u0142 <strong>Ks. Henryk Olszar<\/strong>.<\/span><\/p>\n<p><span style=\"font-size: 12pt;\">Serdecznie gratulujemy!<\/span><\/p>\n<p><span style=\"font-size: 12pt;\"><a href=\"https:\/\/www.prezydent.pl\/aktualnosci\/nominacje\/nominacje-profesorskie-w-palacu-prezydenckim,94506\">Wi\u0119cej na stronie<\/a><\/span><\/p>\n<\/div>\r\n                    <\/div>\r\n                <\/div>[\/vc_column][\/vc_row][vc_row][vc_column][vc_images_carousel images=&#8221;162337,162333,162341,162369&#8243; img_size=&#8221;medium&#8221;][\/vc_column][\/vc_row]<\/p>","protected":false},"excerpt":{"rendered":"<p>[vc_row][vc_column][\/vc_column][\/vc_row][vc_row][vc_column][vc_images_carousel images=&#8221;162337,162333,162341,162369&#8243; img_size=&#8221;medium&#8221;][\/vc_column][\/vc_row] [&#8230;]<\/p>\n<p><a class=\"btn btn-secondary understrap-read-more-link\" href=\"https:\/\/us.edu.pl\/wydzial\/wtl\/2024\/11\/25\/nominacja-profesorska-dla-ks-dr-hab-henryka-olszara-prof-us\/\">Read More&#8230;<\/a><\/p>\n","protected":false},"author":2477,"featured_media":162378,"comment_status":"open","ping_status":"open","sticky":false,"template":"","format":"standard","meta":{"_expiration-date-status":"","_expiration-date":0,"_expiration-date-type":"","_expiration-date-categories":[],"_expiration-date-options":[]},"categories":[60,9,67],"tags":[],"acf":[],"_links":{"self":[{"href":"https:\/\/us.edu.pl\/wydzial\/wtl\/wp-json\/wp\/v2\/posts\/162325"}],"collection":[{"href":"https:\/\/us.edu.pl\/wydzial\/wtl\/wp-json\/wp\/v2\/posts"}],"about":[{"href":"https:\/\/us.edu.pl\/wydzial\/wtl\/wp-json\/wp\/v2\/types\/post"}],"author":[{"embeddable":true,"href":"https:\/\/us.edu.pl\/wydzial\/wtl\/wp-json\/wp\/v2\/users\/2477"}],"replies":[{"embeddable":true,"href":"https:\/\/us.edu.pl\/wydzial\/wtl\/wp-json\/wp\/v2\/comments?post=162325"}],"version-history":[{"count":8,"href":"https:\/\/us.edu.pl\/wydzial\/wtl\/wp-json\/wp\/v2\/posts\/162325\/revisions"}],"predecessor-version":[{"id":162373,"href":"https:\/\/us.edu.pl\/wydzial\/wtl\/wp-json\/wp\/v2\/posts\/162325\/revisions\/162373"}],"wp:featuredmedia":[{"embeddable":true,"href":"https:\/\/us.edu.pl\/wydzial\/wtl\/wp-json\/wp\/v2\/media\/162378"}],"wp:attachment":[{"href":"https:\/\/us.edu.pl\/wydzial\/wtl\/wp-json\/wp\/v2\/media?parent=162325"}],"wp:term":[{"taxonomy":"category","embeddable":true,"href":"https:\/\/us.edu.pl\/wydzial\/wtl\/wp-json\/wp\/v2\/categories?post=162325"},{"taxonomy":"post_tag","embeddable":true,"href":"https:\/\/us.edu.pl\/wydzial\/wtl\/wp-json\/wp\/v2\/tags?post=162325"}],"curies":[{"name":"wp","href":"https:\/\/api.w.org\/{rel}","templated":true}]}}