{"id":163042,"date":"2025-02-08T22:44:24","date_gmt":"2025-02-08T21:44:24","guid":{"rendered":"https:\/\/us.edu.pl\/wydzial\/wtl\/?p=163042"},"modified":"2025-02-24T22:31:14","modified_gmt":"2025-02-24T21:31:14","slug":"plany-zajec-5","status":"publish","type":"post","link":"https:\/\/us.edu.pl\/wydzial\/wtl\/2025\/02\/08\/plany-zajec-5\/","title":{"rendered":"Plany zaj\u0119\u0107"},"content":{"rendered":"<p>Zosta\u0142y opublikowane plany zaj\u0119\u0107 w semestrze letnim roku akademickiego 2024\/2025.<\/p>\n<p><a href=\"https:\/\/us.edu.pl\/wydzial\/wtl\/student-wtl\/plany-zajec\/\">Dost\u0119p do plan\u00f3w<\/a>.<\/p>\n<p><strong><span style=\"color: #ff0000;\">Modyfikacje<\/span>:<\/strong> teologia stacjonarna (24.02., godz. 22.30), teologia niestacjonarna (11.02., godz. 17.47), nauki o rodzinie 1 stopie\u0144 (14.02., godz. 13.53), nauki o rodzinie 2 stopie\u0144 (17.02., godz. 21.48).<\/p>","protected":false},"excerpt":{"rendered":"<p>Zosta\u0142y opublikowane plany zaj\u0119\u0107 w semestrze letnim roku akademickiego 2024\/2025. Dost\u0119p do plan\u00f3w. Modyfikacje: teologia stacjonarna (24.02., godz. 22.30), teologia niestacjonarna (11.02., godz. 17.47), nauki o rodzinie 1 stopie\u0144 (14.02., godz. 13.53), nauki o rodzinie 2 stopie\u0144 (17.02., godz. 21.48). [&#8230;]<\/p>\n<p><a class=\"btn btn-secondary understrap-read-more-link\" href=\"https:\/\/us.edu.pl\/wydzial\/wtl\/2025\/02\/08\/plany-zajec-5\/\">Read More&#8230;<\/a><\/p>\n","protected":false},"author":117,"featured_media":1662,"comment_status":"open","ping_status":"open","sticky":false,"template":"","format":"standard","meta":{"_expiration-date-status":"","_expiration-date":0,"_expiration-date-type":"","_expiration-date-categories":[],"_expiration-date-options":[]},"categories":[60,47],"tags":[],"acf":[],"_links":{"self":[{"href":"https:\/\/us.edu.pl\/wydzial\/wtl\/wp-json\/wp\/v2\/posts\/163042"}],"collection":[{"href":"https:\/\/us.edu.pl\/wydzial\/wtl\/wp-json\/wp\/v2\/posts"}],"about":[{"href":"https:\/\/us.edu.pl\/wydzial\/wtl\/wp-json\/wp\/v2\/types\/post"}],"author":[{"embeddable":true,"href":"https:\/\/us.edu.pl\/wydzial\/wtl\/wp-json\/wp\/v2\/users\/117"}],"replies":[{"embeddable":true,"href":"https:\/\/us.edu.pl\/wydzial\/wtl\/wp-json\/wp\/v2\/comments?post=163042"}],"version-history":[{"count":10,"href":"https:\/\/us.edu.pl\/wydzial\/wtl\/wp-json\/wp\/v2\/posts\/163042\/revisions"}],"predecessor-version":[{"id":163218,"href":"https:\/\/us.edu.pl\/wydzial\/wtl\/wp-json\/wp\/v2\/posts\/163042\/revisions\/163218"}],"wp:featuredmedia":[{"embeddable":true,"href":"https:\/\/us.edu.pl\/wydzial\/wtl\/wp-json\/wp\/v2\/media\/1662"}],"wp:attachment":[{"href":"https:\/\/us.edu.pl\/wydzial\/wtl\/wp-json\/wp\/v2\/media?parent=163042"}],"wp:term":[{"taxonomy":"category","embeddable":true,"href":"https:\/\/us.edu.pl\/wydzial\/wtl\/wp-json\/wp\/v2\/categories?post=163042"},{"taxonomy":"post_tag","embeddable":true,"href":"https:\/\/us.edu.pl\/wydzial\/wtl\/wp-json\/wp\/v2\/tags?post=163042"}],"curies":[{"name":"wp","href":"https:\/\/api.w.org\/{rel}","templated":true}]}}