{"id":163160,"date":"2025-02-18T09:34:17","date_gmt":"2025-02-18T08:34:17","guid":{"rendered":"https:\/\/us.edu.pl\/wydzial\/wtl\/?p=163160"},"modified":"2025-02-18T14:18:31","modified_gmt":"2025-02-18T13:18:31","slug":"zmarl-ks-franciszek-gruszka","status":"publish","type":"post","link":"https:\/\/us.edu.pl\/wydzial\/wtl\/2025\/02\/18\/zmarl-ks-franciszek-gruszka\/","title":{"rendered":"Zmar\u0142 ks. Franciszek Gruszka"},"content":{"rendered":"<p>[vc_row][vc_column]\r\n                <div class=\"text-modules \">\r\n                    <div class=\"container\">\r\n                         \r\n                        <div class=\"row m-0\">\r\n                            <div class=\"text-modules__content\">\r\n                                <span style=\"font-size: 12pt;\">Z przykro\u015bci\u0105 zawiadamiamy, \u017ce, w wieku 83 lat, w 60. roku kap\u0142a\u0144stwa, zmar\u0142\u00a0<strong>\u015bp. ks. Franciszek Gruszka<\/strong>, emerytowany nauczyciel akademicki, pracownik Wydzia\u0142u Teologicznego w latach 2001-2004.<\/span><\/p>\n<p><span style=\"font-size: 12pt;\">Uroczysto\u015bci pogrzebowe b\u0119d\u0105 mia\u0142y nast\u0119puj\u0105cy przebieg:<\/span><\/p>\n<p><strong><span style=\"font-size: 12pt;\">we \u015brod\u0119, 19 lutego br., w parafii Jezusa Chrystusa Dobrego Pasterza w Chorzowie Batorym:\u2028<\/span><\/strong><\/p>\n<ul style=\"list-style-type: circle;\">\n<li><span style=\"font-size: 12pt;\">godz. 15:00 &#8211; Koronka do Bo\u017cego Mi\u0142osierdzia,\u2028<\/span><\/li>\n<li><span style=\"font-size: 12pt;\">godz. 15:30 &#8211; Msza \u015bwi\u0119ta eksportacyjna,<\/span><\/li>\n<\/ul>\n<p>&nbsp;<\/p>\n<p><strong><span style=\"font-size: 12pt;\">w czwartek, 20 lutego br., w parafii Wniebowzi\u0119cia Naj\u015bwi\u0119tszej Maryi Panny w Chorzowie Batorym:<\/span><\/strong><\/p>\n<ul style=\"list-style-type: circle;\">\n<li><span style=\"font-size: 12pt;\"><strong>godz. 10:15<\/strong> &#8211; R\u00f3\u017caniec,<\/span><\/li>\n<li><span style=\"font-size: 12pt;\"><strong>godz. 11:00<\/strong>\u00a0&#8211; <strong>Msza \u015bwi\u0119ta pogrzebowa.<\/strong><\/span><\/li>\n<\/ul>\n<p>&nbsp;<\/p>\n<p class=\"block-1\" style=\"text-align: center;\"><span style=\"font-size: 12pt;\"><em>Wieczny odpoczynek racz mu da\u0107, Panie,<br \/>\na \u015bwiat\u0142o\u015b\u0107 wiekuista niechaj mu \u015bwieci.<br \/>\nNiech odpoczywa w pokoju wiecznym.<\/em><\/span><br \/>\n<span style=\"font-size: 12pt;\">Amen.<\/span><\/p>\n<div class=\"mt-3\"><\/div>\r\n                            <\/div>\r\n                            \r\n                            <div class=\"text-modules__img\"><img src=\"https:\/\/us.edu.pl\/wydzial\/wtl\/wp-content\/uploads\/sites\/21\/Bez-kategorii\/ks_gruszka-300x175.jpg\" alt=\"img\"><\/div>\r\n                        <\/div>\r\n                    <\/div>\r\n                <\/div>[\/vc_column][\/vc_row]<\/p>","protected":false},"excerpt":{"rendered":"<p>[vc_row][vc_column][\/vc_column][\/vc_row] [&#8230;]<\/p>\n<p><a class=\"btn btn-secondary understrap-read-more-link\" href=\"https:\/\/us.edu.pl\/wydzial\/wtl\/2025\/02\/18\/zmarl-ks-franciszek-gruszka\/\">Read More&#8230;<\/a><\/p>\n","protected":false},"author":2477,"featured_media":163164,"comment_status":"open","ping_status":"open","sticky":false,"template":"","format":"standard","meta":{"_expiration-date-status":"","_expiration-date":0,"_expiration-date-type":"","_expiration-date-categories":[],"_expiration-date-options":[]},"categories":[60,87,86],"tags":[],"acf":[],"_links":{"self":[{"href":"https:\/\/us.edu.pl\/wydzial\/wtl\/wp-json\/wp\/v2\/posts\/163160"}],"collection":[{"href":"https:\/\/us.edu.pl\/wydzial\/wtl\/wp-json\/wp\/v2\/posts"}],"about":[{"href":"https:\/\/us.edu.pl\/wydzial\/wtl\/wp-json\/wp\/v2\/types\/post"}],"author":[{"embeddable":true,"href":"https:\/\/us.edu.pl\/wydzial\/wtl\/wp-json\/wp\/v2\/users\/2477"}],"replies":[{"embeddable":true,"href":"https:\/\/us.edu.pl\/wydzial\/wtl\/wp-json\/wp\/v2\/comments?post=163160"}],"version-history":[{"count":2,"href":"https:\/\/us.edu.pl\/wydzial\/wtl\/wp-json\/wp\/v2\/posts\/163160\/revisions"}],"predecessor-version":[{"id":163168,"href":"https:\/\/us.edu.pl\/wydzial\/wtl\/wp-json\/wp\/v2\/posts\/163160\/revisions\/163168"}],"wp:featuredmedia":[{"embeddable":true,"href":"https:\/\/us.edu.pl\/wydzial\/wtl\/wp-json\/wp\/v2\/media\/163164"}],"wp:attachment":[{"href":"https:\/\/us.edu.pl\/wydzial\/wtl\/wp-json\/wp\/v2\/media?parent=163160"}],"wp:term":[{"taxonomy":"category","embeddable":true,"href":"https:\/\/us.edu.pl\/wydzial\/wtl\/wp-json\/wp\/v2\/categories?post=163160"},{"taxonomy":"post_tag","embeddable":true,"href":"https:\/\/us.edu.pl\/wydzial\/wtl\/wp-json\/wp\/v2\/tags?post=163160"}],"curies":[{"name":"wp","href":"https:\/\/api.w.org\/{rel}","templated":true}]}}