{"id":163612,"date":"2025-03-10T11:14:03","date_gmt":"2025-03-10T10:14:03","guid":{"rendered":"https:\/\/us.edu.pl\/wydzial\/wtl\/?p=163612"},"modified":"2025-03-10T11:21:41","modified_gmt":"2025-03-10T10:21:41","slug":"wyklad-otwarty-prof-alexa-villasa-boasa-na-wydziale-teologicznym-uniwersytetu-slaskiego","status":"publish","type":"post","link":"https:\/\/us.edu.pl\/wydzial\/wtl\/2025\/03\/10\/wyklad-otwarty-prof-alexa-villasa-boasa-na-wydziale-teologicznym-uniwersytetu-slaskiego\/","title":{"rendered":"Wyk\u0142ad otwarty prof. Alexa Villasa Boasa na Wydziale Teologicznym Uniwersytetu \u015al\u0105skiego"},"content":{"rendered":"<p>[vc_row][vc_column]\r\n                <div class=\"text-modules \">\r\n                    <div class=\"container\">\r\n                         \r\n                        <div class=\"row m-0\">\r\n                            <div class=\"text-modules__content\">\r\n                                Wydzia\u0142 Teologiczny Uniwersytetu \u015al\u0105skiego w Katowicach ma zaszczyt go\u015bci\u0107 prof. Alexa Villasa Boasa z Universidade Cat\u00f3lica Portuguesa (Lizbona-Portugalia) jako &#8222;visiting professor&#8221;.<\/p>\n<p>W ramach swojego pobytu Profesor nie tylko poprowadzi zaj\u0119cia dla naszych student\u00f3w, ale tak\u017ce wyg\u0142osi otwarty wyk\u0142ad <strong>26 marca o godz. 17.00 pt.:<\/strong><\/p>\n<p><strong>\u201eThe Colours of the Soul: Visualising Values in Culture through the Paintings of Vincent van Gogh\u201d<\/strong><\/p>\n<p>Zainteresowania badawcze prof. Alexa Villasa Boasa obejmuj\u0105 m.in<\/p>\n<ul>\n<li>dialog mi\u0119dzy teologi\u0105 a literatur\u0105,<\/li>\n<li>epistemologiczny dialog mi\u0119dzy teologi\u0105, religioznawstwem a naukami humanistycznymi,<\/li>\n<li>teologi\u0119 polityczn\u0105 i duchowo\u015b\u0107 polityczn\u0105,<\/li>\n<li>jezuityzm i \u0107wiczenia duchowe,<\/li>\n<li>dialog mi\u0119dzy staro\u017cytnymi autorami chrze\u015bcija\u0144skimi a studiami klasycznymi.<\/li>\n<\/ul>\n<p><strong>Serdecznie zapraszamy wszystkich zainteresowanych do udzia\u0142u w tym wydarzeniu!<\/strong> \r\n                                <div class=\"mt-3\"><\/div>\r\n                            <\/div>\r\n                            \r\n                            <div class=\"text-modules__img\"><img src=\"https:\/\/us.edu.pl\/wydzial\/wtl\/wp-content\/uploads\/sites\/21\/Bez-kategorii\/plakat-US\u0301.png\" alt=\"img\"><\/div>\r\n                        <\/div>\r\n                    <\/div>\r\n                <\/div>[\/vc_column][\/vc_row]<\/p>","protected":false},"excerpt":{"rendered":"<p>[vc_row][vc_column][\/vc_column][\/vc_row] [&#8230;]<\/p>\n<p><a class=\"btn btn-secondary understrap-read-more-link\" href=\"https:\/\/us.edu.pl\/wydzial\/wtl\/2025\/03\/10\/wyklad-otwarty-prof-alexa-villasa-boasa-na-wydziale-teologicznym-uniwersytetu-slaskiego\/\">Read More&#8230;<\/a><\/p>\n","protected":false},"author":2477,"featured_media":163615,"comment_status":"open","ping_status":"open","sticky":false,"template":"","format":"standard","meta":{"_expiration-date-status":"","_expiration-date":0,"_expiration-date-type":"","_expiration-date-categories":[],"_expiration-date-options":[]},"categories":[87,41],"tags":[],"acf":[],"_links":{"self":[{"href":"https:\/\/us.edu.pl\/wydzial\/wtl\/wp-json\/wp\/v2\/posts\/163612"}],"collection":[{"href":"https:\/\/us.edu.pl\/wydzial\/wtl\/wp-json\/wp\/v2\/posts"}],"about":[{"href":"https:\/\/us.edu.pl\/wydzial\/wtl\/wp-json\/wp\/v2\/types\/post"}],"author":[{"embeddable":true,"href":"https:\/\/us.edu.pl\/wydzial\/wtl\/wp-json\/wp\/v2\/users\/2477"}],"replies":[{"embeddable":true,"href":"https:\/\/us.edu.pl\/wydzial\/wtl\/wp-json\/wp\/v2\/comments?post=163612"}],"version-history":[{"count":7,"href":"https:\/\/us.edu.pl\/wydzial\/wtl\/wp-json\/wp\/v2\/posts\/163612\/revisions"}],"predecessor-version":[{"id":163635,"href":"https:\/\/us.edu.pl\/wydzial\/wtl\/wp-json\/wp\/v2\/posts\/163612\/revisions\/163635"}],"wp:featuredmedia":[{"embeddable":true,"href":"https:\/\/us.edu.pl\/wydzial\/wtl\/wp-json\/wp\/v2\/media\/163615"}],"wp:attachment":[{"href":"https:\/\/us.edu.pl\/wydzial\/wtl\/wp-json\/wp\/v2\/media?parent=163612"}],"wp:term":[{"taxonomy":"category","embeddable":true,"href":"https:\/\/us.edu.pl\/wydzial\/wtl\/wp-json\/wp\/v2\/categories?post=163612"},{"taxonomy":"post_tag","embeddable":true,"href":"https:\/\/us.edu.pl\/wydzial\/wtl\/wp-json\/wp\/v2\/tags?post=163612"}],"curies":[{"name":"wp","href":"https:\/\/api.w.org\/{rel}","templated":true}]}}