{"id":1643,"date":"2020-05-10T21:42:29","date_gmt":"2020-05-10T19:42:29","guid":{"rendered":"https:\/\/us.edu.pl\/wydzial\/wtl\/?p=1643"},"modified":"2020-05-10T21:42:29","modified_gmt":"2020-05-10T19:42:29","slug":"nabor-na-stypendia-do-programu-im-bekkera","status":"publish","type":"post","link":"https:\/\/us.edu.pl\/wydzial\/wtl\/2020\/05\/10\/nabor-na-stypendia-do-programu-im-bekkera\/","title":{"rendered":"Nab\u00f3r na stypendia do Programu im. Bekkera"},"content":{"rendered":"<p>STYPENDIA na WYJAZDY ZAGRANICZNE DLA NAUKOWC\u00d3W w Programie im. Mieczys\u0142awa Bekkera.<br \/>\nNarodowa Agencja Wymiany Akademickiej prowadzi nab\u00f3r wniosk\u00f3w do Programu im. Mieczys\u0142awa Bekkera.<br \/>\nWi\u0119cej informacji <a href=\"https:\/\/us.edu.pl\/wydzial\/wtl\/wp-content\/uploads\/sites\/21\/Pliki-na-stronach\/STYPENDIUM_BEKKERA.pdf\" class=\"mtli_attachment mtli_pdf\" data-mtli=\"mtli_filesize152,12kB\">tutaj<\/a>.<\/p>\n<style type=\"text\/css\">a[data-mtli~=\"mtli_filesize152,12kB\"]:after {content:\" (152,12 kB)\"}<\/style>","protected":false},"excerpt":{"rendered":"<p>STYPENDIA na WYJAZDY ZAGRANICZNE DLA NAUKOWC\u00d3W w Programie im. Mieczys\u0142awa Bekkera. Narodowa Agencja Wymiany Akademickiej prowadzi nab\u00f3r wniosk\u00f3w do Programu im. Mieczys\u0142awa Bekkera. Wi\u0119cej informacji tutaj. [&#8230;]<\/p>\n<p><a class=\"btn btn-secondary understrap-read-more-link\" href=\"https:\/\/us.edu.pl\/wydzial\/wtl\/2020\/05\/10\/nabor-na-stypendia-do-programu-im-bekkera\/\">Read More&#8230;<\/a><\/p>\n","protected":false},"author":117,"featured_media":1644,"comment_status":"open","ping_status":"open","sticky":false,"template":"","format":"standard","meta":{"_expiration-date-status":"saved","_expiration-date":0,"_expiration-date-type":"","_expiration-date-categories":[],"_expiration-date-options":[]},"categories":[1],"tags":[],"acf":[],"_links":{"self":[{"href":"https:\/\/us.edu.pl\/wydzial\/wtl\/wp-json\/wp\/v2\/posts\/1643"}],"collection":[{"href":"https:\/\/us.edu.pl\/wydzial\/wtl\/wp-json\/wp\/v2\/posts"}],"about":[{"href":"https:\/\/us.edu.pl\/wydzial\/wtl\/wp-json\/wp\/v2\/types\/post"}],"author":[{"embeddable":true,"href":"https:\/\/us.edu.pl\/wydzial\/wtl\/wp-json\/wp\/v2\/users\/117"}],"replies":[{"embeddable":true,"href":"https:\/\/us.edu.pl\/wydzial\/wtl\/wp-json\/wp\/v2\/comments?post=1643"}],"version-history":[{"count":1,"href":"https:\/\/us.edu.pl\/wydzial\/wtl\/wp-json\/wp\/v2\/posts\/1643\/revisions"}],"predecessor-version":[{"id":1646,"href":"https:\/\/us.edu.pl\/wydzial\/wtl\/wp-json\/wp\/v2\/posts\/1643\/revisions\/1646"}],"wp:featuredmedia":[{"embeddable":true,"href":"https:\/\/us.edu.pl\/wydzial\/wtl\/wp-json\/wp\/v2\/media\/1644"}],"wp:attachment":[{"href":"https:\/\/us.edu.pl\/wydzial\/wtl\/wp-json\/wp\/v2\/media?parent=1643"}],"wp:term":[{"taxonomy":"category","embeddable":true,"href":"https:\/\/us.edu.pl\/wydzial\/wtl\/wp-json\/wp\/v2\/categories?post=1643"},{"taxonomy":"post_tag","embeddable":true,"href":"https:\/\/us.edu.pl\/wydzial\/wtl\/wp-json\/wp\/v2\/tags?post=1643"}],"curies":[{"name":"wp","href":"https:\/\/api.w.org\/{rel}","templated":true}]}}