{"id":167274,"date":"2025-11-17T13:19:55","date_gmt":"2025-11-17T12:19:55","guid":{"rendered":"https:\/\/us.edu.pl\/wydzial\/wtl\/?p=167274"},"modified":"2025-11-17T13:19:55","modified_gmt":"2025-11-17T12:19:55","slug":"25-lat-wydzialu-teologicznego-us-film-jubileuszowy","status":"publish","type":"post","link":"https:\/\/us.edu.pl\/wydzial\/wtl\/2025\/11\/17\/25-lat-wydzialu-teologicznego-us-film-jubileuszowy\/","title":{"rendered":"25 Lat Wydzia\u0142u Teologicznego U\u015a \u2013 Film Jubileuszowy"},"content":{"rendered":"<p>[vc_row][vc_column]\r\n                <div class=\"text-modules\">\r\n                    <div class=\"container\">\r\n                        \r\n                        <div class=\"text-modules__content\"><p><span style=\"font-size: 12pt; font-family: verdana, geneva, sans-serif;\"><strong>Zapraszamy do obejrzenia filmu &#8222;25 lat Wydzia\u0142u Teologicznego U\u015a&#8221;<\/strong> przygotowanego z okazji Jubileuszu Wydzia\u0142u i wyemitowanego w trakcie uroczysto\u015bci.<\/span><\/p>\n<p><span style=\"font-size: 12pt; font-family: verdana, geneva, sans-serif;\">Materia\u0142 zosta\u0142 przygotowany przez Centrum Komunikacji Medialnej Uniwersytetu \u015al\u0105skiego w Katowicach. Film zrealizowali: pan <em>Bart\u0142omiej Stelmach<\/em>, pan <em>Bartosz Solak<\/em> i pan <em>Daniel Zimoch<\/em>.<\/span><\/p>\n<p><span style=\"font-size: 12pt; font-family: verdana, geneva, sans-serif;\">Serdecznie dzi\u0119kujemy za wsp\u00f3\u0142prac\u0119!<\/span><\/p>\n<\/div>\r\n                    <\/div>\r\n                <\/div>[\/vc_column][\/vc_row][vc_row][vc_column][vc_video link=&#8221;https:\/\/www.youtube.com\/watch?v=DwVYFd0n-YA&#8221; align=&#8221;center&#8221;][\/vc_column][\/vc_row]<\/p>","protected":false},"excerpt":{"rendered":"<p>[vc_row][vc_column][\/vc_column][\/vc_row][vc_row][vc_column][vc_video link=&#8221;https:\/\/www.youtube.com\/watch?v=DwVYFd0n-YA&#8221; align=&#8221;center&#8221;][\/vc_column][\/vc_row] [&#8230;]<\/p>\n<p><a class=\"btn btn-secondary understrap-read-more-link\" href=\"https:\/\/us.edu.pl\/wydzial\/wtl\/2025\/11\/17\/25-lat-wydzialu-teologicznego-us-film-jubileuszowy\/\">Read More&#8230;<\/a><\/p>\n","protected":false},"author":2477,"featured_media":166758,"comment_status":"open","ping_status":"open","sticky":false,"template":"","format":"standard","meta":{"_expiration-date-status":"","_expiration-date":0,"_expiration-date-type":"","_expiration-date-categories":[],"_expiration-date-options":[]},"categories":[87,88],"tags":[],"acf":[],"_links":{"self":[{"href":"https:\/\/us.edu.pl\/wydzial\/wtl\/wp-json\/wp\/v2\/posts\/167274"}],"collection":[{"href":"https:\/\/us.edu.pl\/wydzial\/wtl\/wp-json\/wp\/v2\/posts"}],"about":[{"href":"https:\/\/us.edu.pl\/wydzial\/wtl\/wp-json\/wp\/v2\/types\/post"}],"author":[{"embeddable":true,"href":"https:\/\/us.edu.pl\/wydzial\/wtl\/wp-json\/wp\/v2\/users\/2477"}],"replies":[{"embeddable":true,"href":"https:\/\/us.edu.pl\/wydzial\/wtl\/wp-json\/wp\/v2\/comments?post=167274"}],"version-history":[{"count":4,"href":"https:\/\/us.edu.pl\/wydzial\/wtl\/wp-json\/wp\/v2\/posts\/167274\/revisions"}],"predecessor-version":[{"id":167278,"href":"https:\/\/us.edu.pl\/wydzial\/wtl\/wp-json\/wp\/v2\/posts\/167274\/revisions\/167278"}],"wp:featuredmedia":[{"embeddable":true,"href":"https:\/\/us.edu.pl\/wydzial\/wtl\/wp-json\/wp\/v2\/media\/166758"}],"wp:attachment":[{"href":"https:\/\/us.edu.pl\/wydzial\/wtl\/wp-json\/wp\/v2\/media?parent=167274"}],"wp:term":[{"taxonomy":"category","embeddable":true,"href":"https:\/\/us.edu.pl\/wydzial\/wtl\/wp-json\/wp\/v2\/categories?post=167274"},{"taxonomy":"post_tag","embeddable":true,"href":"https:\/\/us.edu.pl\/wydzial\/wtl\/wp-json\/wp\/v2\/tags?post=167274"}],"curies":[{"name":"wp","href":"https:\/\/api.w.org\/{rel}","templated":true}]}}