{"id":169253,"date":"2026-07-14T11:54:43","date_gmt":"2026-07-14T09:54:43","guid":{"rendered":"https:\/\/us.edu.pl\/wydzial\/wtl\/?p=169253"},"modified":"2026-07-14T11:59:50","modified_gmt":"2026-07-14T09:59:50","slug":"tryptyk-o-pieknie","status":"publish","type":"post","link":"https:\/\/us.edu.pl\/wydzial\/wtl\/2026\/07\/14\/tryptyk-o-pieknie\/","title":{"rendered":"Tryptyk o pi\u0119knie"},"content":{"rendered":"<p>[vc_row][vc_column]\r\n                <div class=\"text-modules\">\r\n                    <div class=\"container\">\r\n                        \r\n                        <div class=\"text-modules__content\"><p><span style=\"font-size: 12pt;\">Na naszym Wydziale realizowany jest projekt wyk\u0142ad\u00f3w <strong>\u201eTryptyk o pi\u0119knie\u201d<\/strong>, kt\u00f3ry potrwa do jesieni 2026 roku. \u00a0Pierwsz\u0105 cz\u0119\u015b\u0107 projektu stanowi\u0142a prelekcja popularnonaukowa <strong>\u201ePtaki w teologii i kulturze chrze\u015bcija\u0144skiej\u201d<\/strong>, wyg\u0142oszona przez <strong>ks. dra hab. Arkadiusza Wuwera, prof. U\u015a<\/strong>. Wydarzeniu towarzyszy\u0142a wystawa fotografii ornitologicznych autorstwa prelegenta. Wyk\u0142ad, skierowany by\u0142 przede wszystkim do uczni\u00f3w szk\u00f3\u0142 \u015brednich, cieszy\u0142 si\u0119 sporym zainteresowaniem i zosta\u0142 wyg\u0142oszony a\u017c dwukrotnie.<\/span><\/p>\n<p><span style=\"font-size: 12pt;\">Nagranie wyk\u0142adu dost\u0119pne jest pod adresem:<\/span><br \/>\n<span style=\"font-size: 12pt;\"><a href=\"https:\/\/www.youtube.com\/watch?v=lRV_vR6nPLw\">https:\/\/www.youtube.com\/watch?v=lRV_vR6nPLw<\/a><\/span><\/p>\n<p><span style=\"font-size: 12pt;\">Drug\u0105 ods\u0142on\u0105 <strong>\u201eTryptyku o pi\u0119knie\u201d<\/strong> by\u0142 wyk\u0142ad <strong>ks. dra \u0141ukasza Michonia<\/strong> pt. <strong>\u201ePi\u0119kno osobowego kosmosu\u201d<\/strong>. Spotkaniu towarzyszy\u0142a prezentacja fotografii pochodz\u0105cych z zasob\u00f3w Agencji Kosmicznej NASA, ukazuj\u0105cych pi\u0119kno i ogrom wszech\u015bwiata.<\/span><\/p>\n<p><span style=\"font-size: 12pt;\">Nagranie wyk\u0142adu dost\u0119pne jest pod adresem:<\/span><br \/>\n<span style=\"font-size: 12pt;\"><a href=\"https:\/\/www.youtube.com\/watch?v=8FR44PTSiAY\">https:\/\/www.youtube.com\/watch?v=8FR44PTSiAY<\/a><\/span><\/p>\n<p><span style=\"font-size: 12pt;\">Zapraszamy r\u00f3wnie\u017c do odwiedzenia wystawy fotografii udost\u0119pnionych na licencji NASA, kt\u00f3r\u0105 mo\u017cna ogl\u0105da\u0107 w gmachu naszego Wydzia\u0142u. Przy ekspozycji dost\u0119pna jest tak\u017ce pami\u0105tkowa broszura przygotowana z my\u015bl\u0105 o odwiedzaj\u0105cych.<\/span><\/p>\n<p><span style=\"font-size: 12pt;\">Autorem projektu jest <strong>ks. dr Bart\u0142omiej Ku\u017anik<\/strong>, natomiast za opracowanie graficzne odpowiada <strong>Daniel Turczyn<\/strong>. Go\u015b\u0107mi dotychczasowych spotka\u0144 byli <strong>ks. dr hab. Arkadiusz Wuwer, prof. U\u015a<\/strong> (cz\u0119\u015b\u0107 I) oraz <strong>ks. dr \u0141ukasz Micho\u0144<\/strong> (cz\u0119\u015b\u0107 II).<\/span><\/p>\n<p><span style=\"font-size: 12pt;\">Jesieni\u0105 odb\u0119dzie si\u0119 trzecia cz\u0119\u015b\u0107 cyklu, po\u015bwi\u0119cona pi\u0119knu s\u0142owa. Wyk\u0142ad <strong>ks. dra Bart\u0142omieja Ku\u017anika<\/strong> pt. <strong>\u201eO roli poetyki w ekspresji s\u0142owa na przyk\u0142adzie ekfraz\u201d<\/strong>. <\/span><\/p>\n<p><span style=\"font-size: 12pt;\">Termin wydarzenia zostanie podany w p\u00f3\u017aniejszym czasie.<\/span><\/p>\n<p><span style=\"font-size: 12pt;\">Serdecznie zapraszamy do odwiedzenia wystawy, obejrzenia nagra\u0144 z dotychczasowych wyk\u0142ad\u00f3w oraz udzia\u0142u w kolejnych wydarzeniach w ramach projektu <strong>\u201eTryptyk o pi\u0119knie\u201d<\/strong>.<\/span><\/p>\n<p>&nbsp;<\/p>\n<p><span style=\"font-size: 10pt;\">Opracowanie i monta\u017c nagrania &#8211; Dawid Wyrobiej, Politechnika \u015al\u0105ska<\/span><\/p>\n<p><span style=\"font-size: 10pt;\">Wsp\u00f3\u0142praca medialna &#8211; Piotr Kaszuba, Centrum Medialne Uniwersytetu \u015al\u0105skiego<\/span><\/p>\n<p><span style=\"font-size: 10pt;\">Fot. Jaros\u0142aw Zawisza &#8211; <span class=\"html-span xdj266r x14z9mp xat24cr x1lziwak xexx8yu xyri2b x18d9i69 x1c1uobl x1hl2dhg x16tdsg8 x1vvkbs\"><a class=\"x1i10hfl xjbqb8w x1ejq31n x18oe1m7 x1sy0etr xstzfhl x972fbf x10w94by x1qhh985 x14e42zd x9f619 x1ypdohk xt0psk2 x3ct3a4 xdj266r x14z9mp xat24cr x1lziwak xexx8yu xyri2b x18d9i69 x1c1uobl x16tdsg8 x1hl2dhg xggy1nq x1a2a7pz xkrqix3 x1sur9pj x1fey0fg x1s688f\" tabindex=\"0\" role=\"link\" href=\"https:\/\/www.facebook.com\/jeremiaszwssd?__cft__[0]=AZaepybIFwC8-aO3b88hFsFnY_2EdI1A_TXoCxJSx5nxdWmbXxvUqSAp2jZhu3L3iJGKnRE_D1FNfsQhWrdAzIZozBuRQoOcwVfR4lQINya_V4c4VgRrALjJQRLdxx1hg7e_TV_kXjpjGvj2o5YfEeaq&amp;__tn__=-]K-R\"><span class=\"xt0psk2\"><span class=\"xjp7ctv\">Jeremiasz &#8211; Seminarium Katowice<\/span><\/span><\/a><\/span><\/span><\/p>\n<\/div>\r\n                    <\/div>\r\n                <\/div>[\/vc_column][\/vc_row][vc_row][vc_column][vc_images_carousel images=&#8221;169262,169261,169260,169259,169258,169257,169256,169255,169254&#8243; img_size=&#8221;large&#8221;][\/vc_column][\/vc_row]<\/p>","protected":false},"excerpt":{"rendered":"<p>[vc_row][vc_column][\/vc_column][\/vc_row][vc_row][vc_column][vc_images_carousel images=&#8221;169262,169261,169260,169259,169258,169257,169256,169255,169254&#8243; img_size=&#8221;large&#8221;][\/vc_column][\/vc_row] [&#8230;]<\/p>\n<p><a class=\"btn btn-secondary understrap-read-more-link\" href=\"https:\/\/us.edu.pl\/wydzial\/wtl\/2026\/07\/14\/tryptyk-o-pieknie\/\">Read More&#8230;<\/a><\/p>\n","protected":false},"author":2477,"featured_media":169258,"comment_status":"open","ping_status":"open","sticky":false,"template":"","format":"standard","meta":{"_expiration-date-status":"","_expiration-date":0,"_expiration-date-type":"","_expiration-date-categories":[],"_expiration-date-options":[]},"categories":[60,41,67],"tags":[],"acf":[],"_links":{"self":[{"href":"https:\/\/us.edu.pl\/wydzial\/wtl\/wp-json\/wp\/v2\/posts\/169253"}],"collection":[{"href":"https:\/\/us.edu.pl\/wydzial\/wtl\/wp-json\/wp\/v2\/posts"}],"about":[{"href":"https:\/\/us.edu.pl\/wydzial\/wtl\/wp-json\/wp\/v2\/types\/post"}],"author":[{"embeddable":true,"href":"https:\/\/us.edu.pl\/wydzial\/wtl\/wp-json\/wp\/v2\/users\/2477"}],"replies":[{"embeddable":true,"href":"https:\/\/us.edu.pl\/wydzial\/wtl\/wp-json\/wp\/v2\/comments?post=169253"}],"version-history":[{"count":8,"href":"https:\/\/us.edu.pl\/wydzial\/wtl\/wp-json\/wp\/v2\/posts\/169253\/revisions"}],"predecessor-version":[{"id":169270,"href":"https:\/\/us.edu.pl\/wydzial\/wtl\/wp-json\/wp\/v2\/posts\/169253\/revisions\/169270"}],"wp:featuredmedia":[{"embeddable":true,"href":"https:\/\/us.edu.pl\/wydzial\/wtl\/wp-json\/wp\/v2\/media\/169258"}],"wp:attachment":[{"href":"https:\/\/us.edu.pl\/wydzial\/wtl\/wp-json\/wp\/v2\/media?parent=169253"}],"wp:term":[{"taxonomy":"category","embeddable":true,"href":"https:\/\/us.edu.pl\/wydzial\/wtl\/wp-json\/wp\/v2\/categories?post=169253"},{"taxonomy":"post_tag","embeddable":true,"href":"https:\/\/us.edu.pl\/wydzial\/wtl\/wp-json\/wp\/v2\/tags?post=169253"}],"curies":[{"name":"wp","href":"https:\/\/api.w.org\/{rel}","templated":true}]}}