{"id":2044,"date":"2020-09-23T15:26:40","date_gmt":"2020-09-23T13:26:40","guid":{"rendered":"https:\/\/us.edu.pl\/wydzial\/wtl\/?p=2044"},"modified":"2020-10-05T21:49:13","modified_gmt":"2020-10-05T19:49:13","slug":"plany-zajec","status":"publish","type":"post","link":"https:\/\/us.edu.pl\/wydzial\/wtl\/2020\/09\/23\/plany-zajec\/","title":{"rendered":"Plany zaj\u0119\u0107"},"content":{"rendered":"<p><span style=\"font-size: 12pt\">Zosta\u0142y opublikowane plany zaj\u0119\u0107 w semestrze zimowym roku akademickiego 2020\/2021. Zaj\u0119cia oznaczone na planie kolorem zielonym prowadzone s\u0105 w spos\u00f3b kontaktowy w budynku Wydzia\u0142u teologicznego. Pozosta\u0142e zaj\u0119cia prowadzone s\u0105 w formie on-line w czasie rzeczywistym &#8211; zgodnie z planem zaj\u0119\u0107.<\/span><\/p>\n<p><span style=\"font-size: 12pt\">Sytuacja ta mo\u017ce si\u0119 zmieni\u0107 zgodnie ze zmieniaj\u0105cymi si\u0119 uwarunkowaniami epidemiologicznymi.<\/span><\/p>\n<p><span style=\"font-size: 12pt\"><a href=\"https:\/\/us.edu.pl\/wydzial\/wtl\/plany-zajec\/\">Dost\u0119p do plan\u00f3w<\/a>. <span style=\"color: #ff0000\"><strong>Modyfikacje:<\/strong><\/span> teologia stacjonarna (5.10., godz. 21.49), teologia niestacjonarna (30.09., godz. 22.25), nauki o rodzinie 1 stopie\u0144 (3.10., godz. 19.27) oraz nauki o rodzinie 2 stopie\u0144 (1.10., godz. 10.23).<br \/>\n<\/span><\/p>\n<p><span style=\"font-size: 12pt\">Zgodnie z zarz\u0105dzeniem nr 154 z dnia 18 wrze\u015bnia 2020 r. w sprawie organizacji roku akademickiego 2020\/2021: <a href=\"http:\/\/bip.us.edu.pl\/zarzadzenie-nr-1542020\">http:\/\/bip.us.edu.pl\/zarzadzenie-nr-1542020<\/a> studenci roku pierwszego rozpoczynaj\u0105 zaj\u0119cia od 12 pa\u017adziernika 2020 r. Pozostali studenci rozpoczynaj\u0105 zaj\u0119cia od 5 pa\u017adziernika 2020 r.<br \/>\n<\/span><\/p>","protected":false},"excerpt":{"rendered":"<p>Zosta\u0142y opublikowane plany zaj\u0119\u0107 w semestrze zimowym roku akademickiego 2020\/2021. Zaj\u0119cia oznaczone na planie kolorem zielonym prowadzone s\u0105 w spos\u00f3b kontaktowy w budynku Wydzia\u0142u teologicznego. Pozosta\u0142e zaj\u0119cia prowadzone s\u0105 w formie on-line w czasie rzeczywistym &#8211; zgodnie z planem zaj\u0119\u0107. Sytuacja ta mo\u017ce si\u0119 zmieni\u0107 zgodnie ze zmieniaj\u0105cymi si\u0119 uwarunkowaniami epidemiologicznymi. Dost\u0119p do plan\u00f3w. Modyfikacje: [&#8230;]<\/p>\n<p><a class=\"btn btn-secondary understrap-read-more-link\" href=\"https:\/\/us.edu.pl\/wydzial\/wtl\/2020\/09\/23\/plany-zajec\/\">Read More&#8230;<\/a><\/p>\n","protected":false},"author":117,"featured_media":1662,"comment_status":"open","ping_status":"open","sticky":false,"template":"","format":"standard","meta":{"_expiration-date-status":"saved","_expiration-date":0,"_expiration-date-type":"","_expiration-date-categories":[],"_expiration-date-options":[]},"categories":[60,47],"tags":[],"acf":[],"_links":{"self":[{"href":"https:\/\/us.edu.pl\/wydzial\/wtl\/wp-json\/wp\/v2\/posts\/2044"}],"collection":[{"href":"https:\/\/us.edu.pl\/wydzial\/wtl\/wp-json\/wp\/v2\/posts"}],"about":[{"href":"https:\/\/us.edu.pl\/wydzial\/wtl\/wp-json\/wp\/v2\/types\/post"}],"author":[{"embeddable":true,"href":"https:\/\/us.edu.pl\/wydzial\/wtl\/wp-json\/wp\/v2\/users\/117"}],"replies":[{"embeddable":true,"href":"https:\/\/us.edu.pl\/wydzial\/wtl\/wp-json\/wp\/v2\/comments?post=2044"}],"version-history":[{"count":11,"href":"https:\/\/us.edu.pl\/wydzial\/wtl\/wp-json\/wp\/v2\/posts\/2044\/revisions"}],"predecessor-version":[{"id":2145,"href":"https:\/\/us.edu.pl\/wydzial\/wtl\/wp-json\/wp\/v2\/posts\/2044\/revisions\/2145"}],"wp:featuredmedia":[{"embeddable":true,"href":"https:\/\/us.edu.pl\/wydzial\/wtl\/wp-json\/wp\/v2\/media\/1662"}],"wp:attachment":[{"href":"https:\/\/us.edu.pl\/wydzial\/wtl\/wp-json\/wp\/v2\/media?parent=2044"}],"wp:term":[{"taxonomy":"category","embeddable":true,"href":"https:\/\/us.edu.pl\/wydzial\/wtl\/wp-json\/wp\/v2\/categories?post=2044"},{"taxonomy":"post_tag","embeddable":true,"href":"https:\/\/us.edu.pl\/wydzial\/wtl\/wp-json\/wp\/v2\/tags?post=2044"}],"curies":[{"name":"wp","href":"https:\/\/api.w.org\/{rel}","templated":true}]}}