{"id":989,"date":"2021-05-06T12:40:19","date_gmt":"2021-05-06T10:40:19","guid":{"rendered":"https:\/\/us.edu.pl\/instytut\/igseigp\/?p=989"},"modified":"2021-05-06T12:41:14","modified_gmt":"2021-05-06T10:41:14","slug":"sprawiedliwa-transformacja-just-transition-w-wojewodztwie-slaskim-raport-wwf","status":"publish","type":"post","link":"https:\/\/us.edu.pl\/instytut\/igseigp\/2021\/05\/06\/sprawiedliwa-transformacja-just-transition-w-wojewodztwie-slaskim-raport-wwf\/","title":{"rendered":"Sprawiedliwa transformacja (just transition) w wojew\u00f3dztwie \u015bl\u0105skim. Raport WWF"},"content":{"rendered":"<p>[vc_row][vc_column]\r\n                <div class=\"text-modules\">\r\n                    <div class=\"container\">\r\n                        \r\n                        <div class=\"text-modules__content\"><\/p>\n<p style=\"text-align: justify\"><span style=\"font-size: 14pt\">Zapraszamy do lektury najnowszego Raportu WWF po\u015bwi\u0119conego problemowi sprawiedliwej transformacji w regionach w\u0119glowych Europy, a zatytu\u0142owanego: EUROPE\u2019S COAL REGIONS: Boosting employment, environment, economy through \u2018just transition\u2019. Raport wskazuje na rang\u0119 wyzwa\u0144 przed kt\u00f3rymi stoj\u0105 regiony tradycyjnej gospodarki opartej na eksploatacji w\u0119gla. W dokumencie szczeg\u00f3lny nacisk po\u0142o\u017cono na kwestie spo\u0142eczne i rynku pracy, jako te maj\u0105ce szczeg\u00f3lne znaczenie z perspektywy regionalnej. Raport odwo\u0142uje si\u0119 do wcze\u015bniejszych bada\u0144 po\u015bwi\u0119conych przysz\u0142o\u015bci rynku pracy w wojew\u00f3dztwie \u015bl\u0105skim, kt\u00f3rych wsp\u00f3\u0142autorem jest dr hab. Robert Krzysztofik, prof. U\u015a.<\/span><br \/>\n<span style=\"font-size: 14pt\">Dokument mo\u017cna przeczyta\u0107 pod adresem:<\/span><br \/>\n<a href=\"https:\/\/wwfeu.awsassets.panda.org\/downloads\/eu_coal_regions___boosting_employment__economy__environment_through__just_transition_.pdf\" class=\"mtli_attachment mtli_pdf\" class=\"mtli_attachment mtli_pdf\"><span style=\"font-size: 14pt\">https:\/\/wwfeu.awsassets.panda.org\/downloads\/eu_coal_regions___boosting_employment__economy__environment_through__just_transition_.pdf<\/span><\/a><\/p>\n<p>\n<\/div>\r\n                    <\/div>\r\n                <\/div>[\/vc_column][\/vc_row]<\/p>","protected":false},"excerpt":{"rendered":"<p>[vc_row][vc_column][\/vc_column][\/vc_row] [&#8230;]<\/p>\n<p><a class=\"btn btn-secondary understrap-read-more-link\" href=\"https:\/\/us.edu.pl\/instytut\/igseigp\/2021\/05\/06\/sprawiedliwa-transformacja-just-transition-w-wojewodztwie-slaskim-raport-wwf\/\">Read More&#8230;<\/a><\/p>\n","protected":false},"author":123,"featured_media":988,"comment_status":"open","ping_status":"open","sticky":false,"template":"","format":"standard","meta":{"_expiration-date-status":"saved","_expiration-date":0,"_expiration-date-type":"","_expiration-date-categories":[],"_expiration-date-options":[]},"categories":[8],"tags":[],"acf":[],"_links":{"self":[{"href":"https:\/\/us.edu.pl\/instytut\/igseigp\/wp-json\/wp\/v2\/posts\/989"}],"collection":[{"href":"https:\/\/us.edu.pl\/instytut\/igseigp\/wp-json\/wp\/v2\/posts"}],"about":[{"href":"https:\/\/us.edu.pl\/instytut\/igseigp\/wp-json\/wp\/v2\/types\/post"}],"author":[{"embeddable":true,"href":"https:\/\/us.edu.pl\/instytut\/igseigp\/wp-json\/wp\/v2\/users\/123"}],"replies":[{"embeddable":true,"href":"https:\/\/us.edu.pl\/instytut\/igseigp\/wp-json\/wp\/v2\/comments?post=989"}],"version-history":[{"count":2,"href":"https:\/\/us.edu.pl\/instytut\/igseigp\/wp-json\/wp\/v2\/posts\/989\/revisions"}],"predecessor-version":[{"id":991,"href":"https:\/\/us.edu.pl\/instytut\/igseigp\/wp-json\/wp\/v2\/posts\/989\/revisions\/991"}],"wp:featuredmedia":[{"embeddable":true,"href":"https:\/\/us.edu.pl\/instytut\/igseigp\/wp-json\/wp\/v2\/media\/988"}],"wp:attachment":[{"href":"https:\/\/us.edu.pl\/instytut\/igseigp\/wp-json\/wp\/v2\/media?parent=989"}],"wp:term":[{"taxonomy":"category","embeddable":true,"href":"https:\/\/us.edu.pl\/instytut\/igseigp\/wp-json\/wp\/v2\/categories?post=989"},{"taxonomy":"post_tag","embeddable":true,"href":"https:\/\/us.edu.pl\/instytut\/igseigp\/wp-json\/wp\/v2\/tags?post=989"}],"curies":[{"name":"wp","href":"https:\/\/api.w.org\/{rel}","templated":true}]}}