{"id":1683,"date":"2021-05-11T13:26:10","date_gmt":"2021-05-11T11:26:10","guid":{"rendered":"https:\/\/us.edu.pl\/instytut\/iib\/?p=1683"},"modified":"2021-05-11T13:39:54","modified_gmt":"2021-05-11T11:39:54","slug":"dr-hab-n-med-armand-cholewka-prof-us-zaproszony-do-rad-naukowych-czasopism-acta-of-bioengineering-and-biomechanics-i-onkologa-pro","status":"publish","type":"post","link":"https:\/\/us.edu.pl\/instytut\/iib\/2021\/05\/11\/dr-hab-n-med-armand-cholewka-prof-us-zaproszony-do-rad-naukowych-czasopism-acta-of-bioengineering-and-biomechanics-i-onkologa-pro\/","title":{"rendered":"Dr hab. n. med. A. Cholewka, prof. U\u015a zaproszony do Rad Naukowych czasopism naukowych"},"content":{"rendered":"<p>[vc_row][vc_column]\r\n                <div class=\"text-modules\">\r\n                    <div class=\"container\">\r\n                        \r\n                        <div class=\"text-modules__content\"><\/p>\n<p style=\"text-align: center\">Niezmiernie mi\u0142o nam poinformowa\u0107, i\u017c Dr hab. n. med. Armand Cholewka, prof. U\u015a zosta\u0142 zaproszony do Rad Naukowych czasopism &#8222;Acta of Dental Bioengineering and Biomaterials&#8221; oraz &#8222;Onkologia.pro&#8221;.<\/p>\n<p style=\"text-align: center\">Serdecznie gratulujemy!<\/p>\n<p>\n<\/div>\r\n                    <\/div>\r\n                <\/div>[\/vc_column][\/vc_row][vc_row][vc_column width=&#8221;1\/2&#8243;][vc_single_image image=&#8221;1687&#8243; img_size=&#8221;large&#8221; onclick=&#8221;custom_link&#8221; link=&#8221;https:\/\/us.edu.pl\/instytut\/iib\/wp-content\/uploads\/sites\/41\/Nieprzypisane\/ZAPROSZENIE-do-RN-Onkologia-zmienione_Armand-Cholewka-1.jpg&#8221;][\/vc_column][vc_column width=&#8221;1\/2&#8243;][vc_single_image image=&#8221;1685&#8243; img_size=&#8221;large&#8221; onclick=&#8221;custom_link&#8221; link=&#8221;https:\/\/us.edu.pl\/instytut\/iib\/wp-content\/uploads\/sites\/41\/Nieprzypisane\/ZAPROSZENIE-do-RN_prof.-Cholewka-1.jpg&#8221;][\/vc_column][\/vc_row]<\/p>","protected":false},"excerpt":{"rendered":"<p>[vc_row][vc_column][\/vc_column][\/vc_row][vc_row][vc_column width=&#8221;1\/2&#8243;][vc_single_image image=&#8221;1687&#8243; img_size=&#8221;large&#8221; onclick=&#8221;custom_link&#8221; link=&#8221;https:\/\/us.edu.pl\/instytut\/iib\/wp-content\/uploads\/sites\/41\/Nieprzypisane\/ZAPROSZENIE-do-RN-Onkologia-zmienione_Armand-Cholewka-1.jpg&#8221;][\/vc_column][vc_column width=&#8221;1\/2&#8243;][vc_single_image image=&#8221;1685&#8243; img_size=&#8221;large&#8221; onclick=&#8221;custom_link&#8221; link=&#8221;https:\/\/us.edu.pl\/instytut\/iib\/wp-content\/uploads\/sites\/41\/Nieprzypisane\/ZAPROSZENIE-do-RN_prof.-Cholewka-1.jpg&#8221;][\/vc_column][\/vc_row] [&#8230;]<\/p>\n<p><a class=\"btn btn-secondary understrap-read-more-link\" href=\"https:\/\/us.edu.pl\/instytut\/iib\/2021\/05\/11\/dr-hab-n-med-armand-cholewka-prof-us-zaproszony-do-rad-naukowych-czasopism-acta-of-bioengineering-and-biomechanics-i-onkologa-pro\/\">Read More&#8230;<\/a><\/p>\n","protected":false},"author":128,"featured_media":1324,"comment_status":"closed","ping_status":"closed","sticky":false,"template":"","format":"standard","meta":{"_expiration-date-status":"saved","_expiration-date":0,"_expiration-date-type":"","_expiration-date-categories":[],"_expiration-date-options":[]},"categories":[10,8],"tags":[],"acf":[],"_links":{"self":[{"href":"https:\/\/us.edu.pl\/instytut\/iib\/wp-json\/wp\/v2\/posts\/1683"}],"collection":[{"href":"https:\/\/us.edu.pl\/instytut\/iib\/wp-json\/wp\/v2\/posts"}],"about":[{"href":"https:\/\/us.edu.pl\/instytut\/iib\/wp-json\/wp\/v2\/types\/post"}],"author":[{"embeddable":true,"href":"https:\/\/us.edu.pl\/instytut\/iib\/wp-json\/wp\/v2\/users\/128"}],"replies":[{"embeddable":true,"href":"https:\/\/us.edu.pl\/instytut\/iib\/wp-json\/wp\/v2\/comments?post=1683"}],"version-history":[{"count":5,"href":"https:\/\/us.edu.pl\/instytut\/iib\/wp-json\/wp\/v2\/posts\/1683\/revisions"}],"predecessor-version":[{"id":1691,"href":"https:\/\/us.edu.pl\/instytut\/iib\/wp-json\/wp\/v2\/posts\/1683\/revisions\/1691"}],"wp:featuredmedia":[{"embeddable":true,"href":"https:\/\/us.edu.pl\/instytut\/iib\/wp-json\/wp\/v2\/media\/1324"}],"wp:attachment":[{"href":"https:\/\/us.edu.pl\/instytut\/iib\/wp-json\/wp\/v2\/media?parent=1683"}],"wp:term":[{"taxonomy":"category","embeddable":true,"href":"https:\/\/us.edu.pl\/instytut\/iib\/wp-json\/wp\/v2\/categories?post=1683"},{"taxonomy":"post_tag","embeddable":true,"href":"https:\/\/us.edu.pl\/instytut\/iib\/wp-json\/wp\/v2\/tags?post=1683"}],"curies":[{"name":"wp","href":"https:\/\/api.w.org\/{rel}","templated":true}]}}