{"id":5891,"date":"2026-03-20T10:30:34","date_gmt":"2026-03-20T09:30:34","guid":{"rendered":"https:\/\/us.edu.pl\/instytut\/iib\/?p=5891"},"modified":"2026-04-03T10:33:20","modified_gmt":"2026-04-03T08:33:20","slug":"mozg-i-muzyka-wyklad-prof-dr-hab-inz-andrzeja-w-mitasa-na-tygodniu-mozgu-w-katowicach-2026","status":"publish","type":"post","link":"https:\/\/us.edu.pl\/instytut\/iib\/2026\/03\/20\/mozg-i-muzyka-wyklad-prof-dr-hab-inz-andrzeja-w-mitasa-na-tygodniu-mozgu-w-katowicach-2026\/","title":{"rendered":"\u201eM\u00f3zg i muzyka&#8221; \u2014 wyk\u0142ad prof. dr. hab. in\u017c. Andrzeja W. Mitasa na Tygodniu M\u00f3zgu w Katowicach 2026"},"content":{"rendered":"<p>[vc_row][vc_column]\r\n                <div class=\"text-modules\">\r\n                    <div class=\"container\">\r\n                        \r\n                        <div class=\"text-modules__content\"><p>W czwartek 19 marca 2026 roku w katowickim SpinPLACE odby\u0142 si\u0119 czwarty wyk\u0142ad w ramach Tygodnia M\u00f3zgu w Katowicach. Prelegentem by\u0142 <strong>prof. dr hab. in\u017c. Andrzej W. Mitas<\/strong> z Katedry Informatyki Medycznej i Sztucznej Inteligencji Wydzia\u0142u In\u017cynierii Biomedycznej Politechniki \u015al\u0105skiej oraz Fachgebiet Biomedizinische Technik Technische Universit\u00e4t Ilmenau \u2014 specjalista w dziedzinie in\u017cynierii biomedycznej i przetwarzania sygna\u0142\u00f3w biologicznych.<\/p>\n<p>Tematem wyk\u0142adu by\u0142a relacja mi\u0119dzy m\u00f3zgiem a muzyk\u0105 \u2014 zagadnienie \u0142\u0105cz\u0105ce neurobiologi\u0119, akustyk\u0119 i informatyk\u0119 medyczn\u0105. Profesor Mitas przedstawi\u0142, w jaki spos\u00f3b m\u00f3zg przetwarza bod\u017ace muzyczne, jak muzyka wp\u0142ywa na aktywno\u015b\u0107 neuronaln\u0105 oraz jakie mo\u017cliwo\u015bci otwiera to dla zastosowa\u0144 klinicznych i terapeutycznych.<\/p>\n<p>Wyk\u0142ad zgromadzi\u0142 liczne audytorium i wywo\u0142a\u0142 o\u017cywion\u0105 dyskusj\u0119, wpisuj\u0105c si\u0119 w interdyscyplinarny charakter ca\u0142ego cyklu \u2014 \u0142\u0105cz\u0105cego perspektyw\u0119 nauk \u015bcis\u0142ych, medycznych i humanistycznych.<\/p>\n<\/div>\r\n                    <\/div>\r\n                <\/div>[\/vc_column][\/vc_row][vc_row][vc_column][vc_single_image image=&#8221;5892&#8243; img_size=&#8221;large&#8221; add_caption=&#8221;yes&#8221; alignment=&#8221;center&#8221;][\/vc_column][\/vc_row]<\/p>","protected":false},"excerpt":{"rendered":"<p>[vc_row][vc_column][\/vc_column][\/vc_row][vc_row][vc_column][vc_single_image image=&#8221;5892&#8243; img_size=&#8221;large&#8221; add_caption=&#8221;yes&#8221; alignment=&#8221;center&#8221;][\/vc_column][\/vc_row] [&#8230;]<\/p>\n<p><a class=\"btn btn-secondary understrap-read-more-link\" href=\"https:\/\/us.edu.pl\/instytut\/iib\/2026\/03\/20\/mozg-i-muzyka-wyklad-prof-dr-hab-inz-andrzeja-w-mitasa-na-tygodniu-mozgu-w-katowicach-2026\/\">Read More&#8230;<\/a><\/p>\n","protected":false},"author":128,"featured_media":5892,"comment_status":"closed","ping_status":"closed","sticky":false,"template":"","format":"standard","meta":{"_expiration-date-status":"","_expiration-date":0,"_expiration-date-type":"","_expiration-date-categories":[],"_expiration-date-options":[]},"categories":[10,8],"tags":[],"acf":[],"_links":{"self":[{"href":"https:\/\/us.edu.pl\/instytut\/iib\/wp-json\/wp\/v2\/posts\/5891"}],"collection":[{"href":"https:\/\/us.edu.pl\/instytut\/iib\/wp-json\/wp\/v2\/posts"}],"about":[{"href":"https:\/\/us.edu.pl\/instytut\/iib\/wp-json\/wp\/v2\/types\/post"}],"author":[{"embeddable":true,"href":"https:\/\/us.edu.pl\/instytut\/iib\/wp-json\/wp\/v2\/users\/128"}],"replies":[{"embeddable":true,"href":"https:\/\/us.edu.pl\/instytut\/iib\/wp-json\/wp\/v2\/comments?post=5891"}],"version-history":[{"count":3,"href":"https:\/\/us.edu.pl\/instytut\/iib\/wp-json\/wp\/v2\/posts\/5891\/revisions"}],"predecessor-version":[{"id":5895,"href":"https:\/\/us.edu.pl\/instytut\/iib\/wp-json\/wp\/v2\/posts\/5891\/revisions\/5895"}],"wp:featuredmedia":[{"embeddable":true,"href":"https:\/\/us.edu.pl\/instytut\/iib\/wp-json\/wp\/v2\/media\/5892"}],"wp:attachment":[{"href":"https:\/\/us.edu.pl\/instytut\/iib\/wp-json\/wp\/v2\/media?parent=5891"}],"wp:term":[{"taxonomy":"category","embeddable":true,"href":"https:\/\/us.edu.pl\/instytut\/iib\/wp-json\/wp\/v2\/categories?post=5891"},{"taxonomy":"post_tag","embeddable":true,"href":"https:\/\/us.edu.pl\/instytut\/iib\/wp-json\/wp\/v2\/tags?post=5891"}],"curies":[{"name":"wp","href":"https:\/\/api.w.org\/{rel}","templated":true}]}}