{"id":2581,"date":"2022-06-02T09:37:00","date_gmt":"2022-06-02T07:37:00","guid":{"rendered":"https:\/\/us.edu.pl\/instytut\/inok\/?p=2581"},"modified":"2022-07-19T11:36:45","modified_gmt":"2022-07-19T09:36:45","slug":"tytul-profesora-emerytowanego-us-dla-pani-prof-dr-hab-ewy-kosowskiej","status":"publish","type":"post","link":"https:\/\/us.edu.pl\/instytut\/inok\/2022\/06\/02\/tytul-profesora-emerytowanego-us-dla-pani-prof-dr-hab-ewy-kosowskiej\/","title":{"rendered":"Tytu\u0142 Profesora emerytowanego U\u015a dla Pani prof. dr hab. Ewy Kosowskiej"},"content":{"rendered":"<p>[vc_row][vc_column width=&#8221;2\/3&#8243;]\r\n                <div class=\"text-modules\">\r\n                    <div class=\"container\">\r\n                        \r\n                        <div class=\"text-modules__content\"><p><span style=\"font-size: 12pt;\">Podczas ostatniego posiedzenia Senatu U\u015a (kt\u00f3re odby\u0142o si\u0119 na Wydziale Nauk o Sztuce i Edukacji w Cieszynie) podj\u0119to uchwa\u0142\u0119 o nadaniu tytu\u0142u <\/span><span style=\"font-size: 12pt;\">Profesora emerytowanego Uniwersytetu \u015al\u0105skiego w Katowicach<strong>\u00a0<a href=\"https:\/\/us.edu.pl\/instytut\/inok\/osoby\/ewa-kosowska\/\" target=\"_blank\" rel=\"noopener\">Pani prof. dr hab. Ewie Kosowskiej.<\/a><\/strong><\/span><\/p>\n<p><a href=\"https:\/\/aktyprawne.us.edu.pl\/d\/5758\/5\/?tc=66\" target=\"_blank\" rel=\"noopener\"><strong><span style=\"font-size: 12pt;\"><em>Uchwa\u0142a nr 273\/2022 Senatu U\u015a w sprawie nadania tytu\u0142u \u201eProfesora emerytowanego Uniwersytetu \u015al\u0105skiego w Katowicach\u201d Pani prof. dr hab. Ewie Kosowskiej<\/em><\/span><\/strong><\/a><\/p>\n<\/div>\r\n                    <\/div>\r\n                <\/div>[\/vc_column][vc_column width=&#8221;1\/3&#8243;]\r\n                <div class=\"text-modules\">\r\n                    <div class=\"container\">\r\n                        \r\n                        <div class=\"text-modules__content\"><p><img class=\"alignnone size-medium wp-image-1334\" src=\"https:\/\/us.edu.pl\/instytut\/inok\/wp-content\/uploads\/sites\/28\/2020\/04\/nominacja-prof-300x225.jpg\" alt=\"zdj\u0119cie przedstawiaj\u0105ce okulary le\u017c\u0105ce na otwartej ksi\u0105\u017cce, kt\u00f3ra znajduje si\u0119 na stole\" width=\"300\" height=\"225\" srcset=\"https:\/\/us.edu.pl\/instytut\/inok\/wp-content\/uploads\/sites\/28\/2020\/04\/nominacja-prof-300x225.jpg 300w, https:\/\/us.edu.pl\/instytut\/inok\/wp-content\/uploads\/sites\/28\/2020\/04\/nominacja-prof-575x431.jpg 575w, https:\/\/us.edu.pl\/instytut\/inok\/wp-content\/uploads\/sites\/28\/2020\/04\/nominacja-prof.jpg 640w\" sizes=\"(max-width: 300px) 100vw, 300px\" \/><\/p>\n<\/div>\r\n                    <\/div>\r\n                <\/div>[\/vc_column][\/vc_row]<\/p>","protected":false},"excerpt":{"rendered":"<p>[vc_row][vc_column width=&#8221;2\/3&#8243;][\/vc_column][vc_column width=&#8221;1\/3&#8243;][\/vc_column][\/vc_row] [&#8230;]<\/p>\n<p><a class=\"btn btn-secondary understrap-read-more-link\" href=\"https:\/\/us.edu.pl\/instytut\/inok\/2022\/06\/02\/tytul-profesora-emerytowanego-us-dla-pani-prof-dr-hab-ewy-kosowskiej\/\">Read More&#8230;<\/a><\/p>\n","protected":false},"author":1658,"featured_media":1334,"comment_status":"open","ping_status":"open","sticky":false,"template":"","format":"standard","meta":{"_expiration-date-status":"","_expiration-date":0,"_expiration-date-type":"","_expiration-date-categories":[],"_expiration-date-options":[]},"categories":[8,42],"tags":[154,156,155],"acf":[],"_links":{"self":[{"href":"https:\/\/us.edu.pl\/instytut\/inok\/wp-json\/wp\/v2\/posts\/2581"}],"collection":[{"href":"https:\/\/us.edu.pl\/instytut\/inok\/wp-json\/wp\/v2\/posts"}],"about":[{"href":"https:\/\/us.edu.pl\/instytut\/inok\/wp-json\/wp\/v2\/types\/post"}],"author":[{"embeddable":true,"href":"https:\/\/us.edu.pl\/instytut\/inok\/wp-json\/wp\/v2\/users\/1658"}],"replies":[{"embeddable":true,"href":"https:\/\/us.edu.pl\/instytut\/inok\/wp-json\/wp\/v2\/comments?post=2581"}],"version-history":[{"count":4,"href":"https:\/\/us.edu.pl\/instytut\/inok\/wp-json\/wp\/v2\/posts\/2581\/revisions"}],"predecessor-version":[{"id":2716,"href":"https:\/\/us.edu.pl\/instytut\/inok\/wp-json\/wp\/v2\/posts\/2581\/revisions\/2716"}],"wp:featuredmedia":[{"embeddable":true,"href":"https:\/\/us.edu.pl\/instytut\/inok\/wp-json\/wp\/v2\/media\/1334"}],"wp:attachment":[{"href":"https:\/\/us.edu.pl\/instytut\/inok\/wp-json\/wp\/v2\/media?parent=2581"}],"wp:term":[{"taxonomy":"category","embeddable":true,"href":"https:\/\/us.edu.pl\/instytut\/inok\/wp-json\/wp\/v2\/categories?post=2581"},{"taxonomy":"post_tag","embeddable":true,"href":"https:\/\/us.edu.pl\/instytut\/inok\/wp-json\/wp\/v2\/tags?post=2581"}],"curies":[{"name":"wp","href":"https:\/\/api.w.org\/{rel}","templated":true}]}}