{"id":2850,"date":"2022-11-25T14:37:34","date_gmt":"2022-11-25T13:37:34","guid":{"rendered":"https:\/\/us.edu.pl\/instytut\/inok\/?p=2850"},"modified":"2022-11-29T12:46:11","modified_gmt":"2022-11-29T11:46:11","slug":"dr-grzegorz-odoj-prof-us-w-programie-kronos-na-tvp-kultura","status":"publish","type":"post","link":"https:\/\/us.edu.pl\/instytut\/inok\/2022\/11\/25\/dr-grzegorz-odoj-prof-us-w-programie-kronos-na-tvp-kultura\/","title":{"rendered":"Dr Grzegorz Odoj, prof U\u015a w programie &#8222;Kronos&#8221; na TVP Kultura"},"content":{"rendered":"<p>[vc_row][vc_column width=&#8221;2\/3&#8243;]\r\n                <div class=\"text-modules\">\r\n                    <div class=\"container\">\r\n                        \r\n                        <div class=\"text-modules__content\"><\/p>\n<div class=\"x11i5rnm xat24cr x1mh8g0r x1vvkbs xdj266r x126k92a\">\n<div dir=\"auto\" style=\"text-align: center;\"><span style=\"font-size: 12pt;\"><strong>W dniu 28 listopada br. o godz. 22.05<\/strong> <\/span><\/div>\n<div dir=\"auto\" style=\"text-align: center;\"><span style=\"font-size: 12pt;\">zosta\u0142 wyemitowany program &#8222;Kronos&#8221; w TVP Kultura, w kt\u00f3rym wyst\u0105pi\u0142 <strong>dr Grzegorz Odoj, prof. U\u015a.<\/strong> <\/span><\/div>\n<div dir=\"auto\" style=\"text-align: center;\"><span style=\"font-size: 12pt;\">Tematem odcinka realizowanego z udzia\u0142em cieszy\u0144skiego etnologa by\u0142y &#8222;Ogrody&#8221;.<\/span><\/div>\n<\/div>\n<div class=\"x11i5rnm xat24cr x1mh8g0r x1vvkbs xtlvy1s x126k92a\" style=\"text-align: center;\">\n<div dir=\"auto\"><span style=\"font-size: 12pt;\">Program cieszy si\u0119 spor\u0105 ogl\u0105dalno\u015bci\u0105, zar\u00f3wno ze wzgl\u0119du na podejmowan\u0105 tematyk\u0119 (g\u0142ownie zagadnienia z zakresu filozofii, historii kultury, antropologii kulturowej), jak i atmosfer\u0119 panuj\u0105c\u0105 w trakcie dyskusji i wyst\u0119puj\u0105cych specjalist\u00f3w z r\u00f3\u017cnych dziedzin humanistyki. Okre\u015blany jest w sieci jako kultowy.<\/span><\/div>\n<\/div>\n<div class=\"x11i5rnm xat24cr x1mh8g0r x1vvkbs xtlvy1s x126k92a\" style=\"text-align: center;\">\n<div dir=\"auto\"><span style=\"font-size: 12pt;\">Program jest dost\u0119pny online:<\/span><\/div>\n<div dir=\"auto\"><span style=\"font-size: 12pt;\"><a class=\"x1i10hfl xjbqb8w x6umtig x1b1mbwd xaqea5y xav7gou x9f619 x1ypdohk xt0psk2 xe8uvvx xdj266r x11i5rnm xat24cr x1mh8g0r xexx8yu x4uap5 x18d9i69 xkhd6sd x16tdsg8 x1hl2dhg xggy1nq x1a2a7pz xt0b8zv x1fey0fg\" tabindex=\"0\" role=\"link\" href=\"https:\/\/vod.tvp.pl\/website\/kronos,34526625?fbclid=IwAR3eEEkp6ZhMbuRVzUV4MrzX-t6yeurEdxRcrKAWjfekmkBHDDH1FLw2utY\" target=\"_blank\" rel=\"nofollow noopener\">https:\/\/vod.tvp.pl\/website\/kronos,34526625<\/a><\/span><\/div>\n<\/div>\n<div class=\"x11i5rnm xat24cr x1mh8g0r x1vvkbs xtlvy1s x126k92a\" style=\"text-align: center;\">\n<div dir=\"auto\"><span style=\"font-size: 12pt;\">oraz na stronie Fundacji (bez reklam):<\/span><\/div>\n<div dir=\"auto\"><span style=\"font-size: 12pt;\"><a class=\"x1i10hfl xjbqb8w x6umtig x1b1mbwd xaqea5y xav7gou x9f619 x1ypdohk xt0psk2 xe8uvvx xdj266r x11i5rnm xat24cr x1mh8g0r xexx8yu x4uap5 x18d9i69 xkhd6sd x16tdsg8 x1hl2dhg xggy1nq x1a2a7pz xt0b8zv x1fey0fg\" tabindex=\"0\" role=\"link\" href=\"http:\/\/kronos.org.pl\/kronos-program-telewizyjny\/?fbclid=IwAR0NsrNvjd34wbdOqvfOKFv-QMhza3OdQNHhipeH3Nv89mH2vF8lGhkMrVg\" target=\"_blank\" rel=\"nofollow noopener\">http:\/\/kronos.org.pl\/kronos-program-telewizyjny\/<\/a><\/span><\/div>\n<\/div>\n<div class=\"x11i5rnm xat24cr x1mh8g0r x1vvkbs xtlvy1s x126k92a\">\n<div dir=\"auto\" style=\"text-align: center;\"><\/div>\n<div dir=\"auto\" style=\"text-align: center;\"><a title=\"https:\/\/www.facebook.com\/EtnologiaCieszyn\" href=\"https:\/\/www.facebook.com\/EtnologiaCieszyn\" target=\"_blank\" rel=\"noopener\"><em>https:\/\/www.facebook.com\/EtnologiaCieszyn<\/em><\/a><\/div>\n<\/div>\n<p>\n<\/div>\r\n                    <\/div>\r\n                <\/div>[\/vc_column][vc_column width=&#8221;1\/3&#8243;]\r\n                <div class=\"text-modules\">\r\n                    <div class=\"container\">\r\n                        \r\n                        <div class=\"text-modules__content\"><p><img class=\"alignnone size-medium wp-image-2851\" src=\"https:\/\/us.edu.pl\/instytut\/inok\/wp-content\/uploads\/sites\/28\/Bez-kategorii\/Kronos-300x249.png\" alt=\"logo programu KRONOS\" width=\"300\" height=\"249\" srcset=\"https:\/\/us.edu.pl\/instytut\/inok\/wp-content\/uploads\/sites\/28\/Bez-kategorii\/Kronos-300x249.png 300w, https:\/\/us.edu.pl\/instytut\/inok\/wp-content\/uploads\/sites\/28\/Bez-kategorii\/Kronos.png 520w\" sizes=\"(max-width: 300px) 100vw, 300px\" \/><\/p>\n<\/div>\r\n                    <\/div>\r\n                <\/div>[\/vc_column][\/vc_row]<\/p>","protected":false},"excerpt":{"rendered":"<p>[vc_row][vc_column width=&#8221;2\/3&#8243;][\/vc_column][vc_column width=&#8221;1\/3&#8243;][\/vc_column][\/vc_row] [&#8230;]<\/p>\n<p><a class=\"btn btn-secondary understrap-read-more-link\" href=\"https:\/\/us.edu.pl\/instytut\/inok\/2022\/11\/25\/dr-grzegorz-odoj-prof-us-w-programie-kronos-na-tvp-kultura\/\">Read More&#8230;<\/a><\/p>\n","protected":false},"author":1658,"featured_media":2851,"comment_status":"open","ping_status":"open","sticky":false,"template":"","format":"standard","meta":{"_expiration-date-status":"","_expiration-date":0,"_expiration-date-type":"","_expiration-date-categories":[],"_expiration-date-options":[]},"categories":[8],"tags":[211,210,213,212],"acf":[],"_links":{"self":[{"href":"https:\/\/us.edu.pl\/instytut\/inok\/wp-json\/wp\/v2\/posts\/2850"}],"collection":[{"href":"https:\/\/us.edu.pl\/instytut\/inok\/wp-json\/wp\/v2\/posts"}],"about":[{"href":"https:\/\/us.edu.pl\/instytut\/inok\/wp-json\/wp\/v2\/types\/post"}],"author":[{"embeddable":true,"href":"https:\/\/us.edu.pl\/instytut\/inok\/wp-json\/wp\/v2\/users\/1658"}],"replies":[{"embeddable":true,"href":"https:\/\/us.edu.pl\/instytut\/inok\/wp-json\/wp\/v2\/comments?post=2850"}],"version-history":[{"count":5,"href":"https:\/\/us.edu.pl\/instytut\/inok\/wp-json\/wp\/v2\/posts\/2850\/revisions"}],"predecessor-version":[{"id":2865,"href":"https:\/\/us.edu.pl\/instytut\/inok\/wp-json\/wp\/v2\/posts\/2850\/revisions\/2865"}],"wp:featuredmedia":[{"embeddable":true,"href":"https:\/\/us.edu.pl\/instytut\/inok\/wp-json\/wp\/v2\/media\/2851"}],"wp:attachment":[{"href":"https:\/\/us.edu.pl\/instytut\/inok\/wp-json\/wp\/v2\/media?parent=2850"}],"wp:term":[{"taxonomy":"category","embeddable":true,"href":"https:\/\/us.edu.pl\/instytut\/inok\/wp-json\/wp\/v2\/categories?post=2850"},{"taxonomy":"post_tag","embeddable":true,"href":"https:\/\/us.edu.pl\/instytut\/inok\/wp-json\/wp\/v2\/tags?post=2850"}],"curies":[{"name":"wp","href":"https:\/\/api.w.org\/{rel}","templated":true}]}}