{"id":3527,"date":"2024-02-01T13:50:45","date_gmt":"2024-02-01T12:50:45","guid":{"rendered":"https:\/\/us.edu.pl\/instytut\/inok\/?p=3527"},"modified":"2024-05-31T12:22:38","modified_gmt":"2024-05-31T10:22:38","slug":"seminarium-miedzyobszarowe","status":"publish","type":"post","link":"https:\/\/us.edu.pl\/instytut\/inok\/2024\/02\/01\/seminarium-miedzyobszarowe\/","title":{"rendered":"Seminarium Mi\u0119dzyobszarowe"},"content":{"rendered":"<p>[vc_row][vc_column width=&#8221;2\/3&#8243;]\r\n                <div class=\"text-modules\">\r\n                    <div class=\"container\">\r\n                        \r\n                        <div class=\"text-modules__content\"><\/p>\n<p style=\"text-align: center;\"><span style=\"font-size: 12pt;\">Serdecznie zapraszamy do wzi\u0119cia udzia\u0142u w Seminarium Mi\u0119dzyobszarowym, na kt\u00f3rym Doktoranci Szko\u0142y Doktorskiej przedstawi\u0105 efekty swojej pracy badawczej:<\/span><\/p>\n<ul style=\"text-align: center;\">\n<li style=\"text-align: left;\"><span style=\"font-size: 12pt;\"><strong>mgr Dominik Kania: <em>Kultura Netflixa. Zmiany komunikacyjne w pokoleniu Z <\/em><\/strong><strong>(promotorka dr hab. Ilona Copik, prof. U\u015a),<\/strong><\/span><\/li>\n<li style=\"text-align: left;\"><span style=\"font-size: 12pt;\"><strong>mgr Kamil Wrzeszcz: Architek(s)tura wsp\u00f3\u0142czesnych komiks\u00f3w i powie\u015bci graficznych dla dzieci (promotorka dr hab. Beata Gontarz, prof. U\u015a).<\/strong><\/span><\/li>\n<\/ul>\n<p style=\"text-align: center;\"><span style=\"font-size: 12pt;\">Seminarium odb\u0119dzie si\u0119 <span style=\"font-size: 14pt;\"><strong>4 czerwca o godz. 10.00<\/strong><\/span> w budynku Wydzia\u0142u Humanistycznego<\/span><br \/>\n<span style=\"font-size: 12pt;\">w Katowicach, ul. Uniwersytecka 4 w gabinecie A 5.08 na po\u0142\u0105czonym otwartym zebraniu Zespo\u0142u Kultury Literackiej i Zespo\u0142u Badawczego \u201ePrzestrzenie filmowe \u2013 teorie, estetyki, praktyki\u201d z Instytutu Nauk o Kulturze.<\/span><\/p>\n<p style=\"text-align: right;\"><strong><span style=\"font-size: 12pt;\">dr hab. Ilona Copik, prof. U\u015a<\/span><\/strong><\/p>\n<p style=\"text-align: right;\"><strong><span style=\"font-size: 12pt;\">dr hab. Beata Gontarz, prof. U\u015a<\/span><\/strong><\/p>\n<p style=\"text-align: right;\"><strong><span style=\"font-size: 12pt;\">mgr Dominik Kania<\/span><\/strong><\/p>\n<p style=\"text-align: right;\"><strong><span style=\"font-size: 12pt;\">mgr Kamil Wrzeszcz<\/span><\/strong><\/p>\n<p style=\"text-align: center;\"><span style=\"font-size: 12pt;\">Seminarium odbywa si\u0119 w ramach cyklu <a href=\"https:\/\/us.edu.pl\/szkola-doktorska\/seminaria-obszarowe\/\" target=\"_blank\" rel=\"noopener\">seminari\u00f3w obszarowych<\/a> Szko\u0142y Doktorskiej w roku akademickim 2023\/2024. <\/span><\/p>\n<p>\n<\/div>\r\n                    <\/div>\r\n                <\/div>[\/vc_column][vc_column width=&#8221;1\/3&#8243;]\r\n                <div class=\"text-modules\">\r\n                    <div class=\"container\">\r\n                        \r\n                        <div class=\"text-modules__content\"><p><img class=\"alignnone size-medium wp-image-3360\" src=\"https:\/\/us.edu.pl\/instytut\/inok\/wp-content\/uploads\/sites\/28\/2023\/09\/konferencje-300x251.jpg\" alt=\"pusta sala wyk\u0142adowa widoczna przez okr\u0105g\u0142y otw\u00f3r w drzwiach\" width=\"300\" height=\"251\" srcset=\"https:\/\/us.edu.pl\/instytut\/inok\/wp-content\/uploads\/sites\/28\/2023\/09\/konferencje-300x251.jpg 300w, https:\/\/us.edu.pl\/instytut\/inok\/wp-content\/uploads\/sites\/28\/2023\/09\/konferencje-768x644.jpg 768w, https:\/\/us.edu.pl\/instytut\/inok\/wp-content\/uploads\/sites\/28\/2023\/09\/konferencje-575x482.jpg 575w, https:\/\/us.edu.pl\/instytut\/inok\/wp-content\/uploads\/sites\/28\/2023\/09\/konferencje.jpg 940w\" sizes=\"(max-width: 300px) 100vw, 300px\" \/><\/p>\n<\/div>\r\n                    <\/div>\r\n                <\/div>[\/vc_column][\/vc_row]<\/p>","protected":false},"excerpt":{"rendered":"<p>[vc_row][vc_column width=&#8221;2\/3&#8243;][\/vc_column][vc_column width=&#8221;1\/3&#8243;][\/vc_column][\/vc_row] [&#8230;]<\/p>\n<p><a class=\"btn btn-secondary understrap-read-more-link\" href=\"https:\/\/us.edu.pl\/instytut\/inok\/2024\/02\/01\/seminarium-miedzyobszarowe\/\">Read More&#8230;<\/a><\/p>\n","protected":false},"author":1658,"featured_media":3360,"comment_status":"open","ping_status":"open","sticky":false,"template":"","format":"standard","meta":{"_expiration-date-status":"","_expiration-date":0,"_expiration-date-type":"","_expiration-date-categories":[],"_expiration-date-options":[]},"categories":[8,144],"tags":[94,334,304,335,315],"acf":[],"_links":{"self":[{"href":"https:\/\/us.edu.pl\/instytut\/inok\/wp-json\/wp\/v2\/posts\/3527"}],"collection":[{"href":"https:\/\/us.edu.pl\/instytut\/inok\/wp-json\/wp\/v2\/posts"}],"about":[{"href":"https:\/\/us.edu.pl\/instytut\/inok\/wp-json\/wp\/v2\/types\/post"}],"author":[{"embeddable":true,"href":"https:\/\/us.edu.pl\/instytut\/inok\/wp-json\/wp\/v2\/users\/1658"}],"replies":[{"embeddable":true,"href":"https:\/\/us.edu.pl\/instytut\/inok\/wp-json\/wp\/v2\/comments?post=3527"}],"version-history":[{"count":9,"href":"https:\/\/us.edu.pl\/instytut\/inok\/wp-json\/wp\/v2\/posts\/3527\/revisions"}],"predecessor-version":[{"id":3635,"href":"https:\/\/us.edu.pl\/instytut\/inok\/wp-json\/wp\/v2\/posts\/3527\/revisions\/3635"}],"wp:featuredmedia":[{"embeddable":true,"href":"https:\/\/us.edu.pl\/instytut\/inok\/wp-json\/wp\/v2\/media\/3360"}],"wp:attachment":[{"href":"https:\/\/us.edu.pl\/instytut\/inok\/wp-json\/wp\/v2\/media?parent=3527"}],"wp:term":[{"taxonomy":"category","embeddable":true,"href":"https:\/\/us.edu.pl\/instytut\/inok\/wp-json\/wp\/v2\/categories?post=3527"},{"taxonomy":"post_tag","embeddable":true,"href":"https:\/\/us.edu.pl\/instytut\/inok\/wp-json\/wp\/v2\/tags?post=3527"}],"curies":[{"name":"wp","href":"https:\/\/api.w.org\/{rel}","templated":true}]}}