{"id":1132,"date":"2023-07-06T14:44:05","date_gmt":"2023-07-06T12:44:05","guid":{"rendered":"https:\/\/us.edu.pl\/instytut\/inos\/?p=1132"},"modified":"2023-07-06T14:47:50","modified_gmt":"2023-07-06T12:47:50","slug":"stypendium-mein-dla-dra-oskara-j-rojewskiego","status":"publish","type":"post","link":"https:\/\/us.edu.pl\/instytut\/inos\/2023\/07\/06\/stypendium-mein-dla-dra-oskara-j-rojewskiego\/","title":{"rendered":"Stypendium MEiN dla dra Oskara J. Rojewskiego"},"content":{"rendered":"<p>[vc_row][vc_column width=&#8221;2\/3&#8243;]\r\n                <div class=\"text-modules\">\r\n                    <div class=\"container\">\r\n                        \r\n                        <div class=\"text-modules__content\"><p>Po raz osiemnasty przyznane zosta\u0142y stypendia Ministra Edukacji i Nauki dla wybitnych m\u0142odych naukowc\u00f3w. Mi\u0142o nam poinformowa\u0107, \u017ce w\u015br\u00f3d 230 laureat\u00f3w znalaz\u0142 si\u0119 <a href=\"https:\/\/us.edu.pl\/instytut\/inos\/osoby\/oskar-jacek-rojewski\/\">dr Oskar J. Rojewski<\/a> z Instytutu Nauk o Sztuce i Wydzia\u0142u Humanistycznego U\u015a.<\/p>\n<p>W tegorocznej edycji konkursu wp\u0142yn\u0119\u0142o 1828 wniosk\u00f3w o przyznanie stypendium w ramach wszystkich 51 dyscyplin naukowych i artystycznych. Poddane zosta\u0142y ocenie przez zesp\u00f3\u0142 doradczy, kt\u00f3ry bra\u0142 pod uwag\u0119 m.in. publikacje naukowe lub dzie\u0142a artystyczne, a tak\u017ce praktyczne zastosowania wynik\u00f3w prowadzonych przez wnioskuj\u0105cego bada\u0144 naukowych lub prac rozwojowych.<\/p>\n<p>Z pe\u0142n\u0105 list\u0105 wyr\u00f3\u017cnionych mo\u017cna zapozna\u0107 si\u0119\u00a0<a href=\"https:\/\/www.gov.pl\/web\/edukacja-i-nauka\/ogloszenie-wynikow-postepowania-w-sprawie-przyznania-stypendiow-ministra-edukacji-i-nauki-dla-wybitnych-mlodych-naukowcow-w-2023-r-edycja-18\">na stronie MEiN<\/a>.<\/p>\n<\/div>\r\n                    <\/div>\r\n                <\/div>[\/vc_column][vc_column width=&#8221;1\/3&#8243;]\r\n                <div class=\"text-modules\">\r\n                    <div class=\"container\">\r\n                        \r\n                        <div class=\"text-modules__content\"><p><img class=\"alignnone wp-image-1134 size-full\" src=\"https:\/\/us.edu.pl\/instytut\/inos\/wp-content\/uploads\/sites\/29\/Bez-kategorii\/MEIN_nowe-logo.jpg\" alt=\"logo MEiN: napis Ministerstwo Edukacji i Nauki, obok z lewej strony orze\u0142 bia\u0142y w koronie, pod napisem pasek w kolorach flagi Polski\" width=\"100%\" height=\"auto\" srcset=\"https:\/\/us.edu.pl\/instytut\/inos\/wp-content\/uploads\/sites\/29\/Bez-kategorii\/MEIN_nowe-logo.jpg 1067w, https:\/\/us.edu.pl\/instytut\/inos\/wp-content\/uploads\/sites\/29\/Bez-kategorii\/MEIN_nowe-logo-300x121.jpg 300w, https:\/\/us.edu.pl\/instytut\/inos\/wp-content\/uploads\/sites\/29\/Bez-kategorii\/MEIN_nowe-logo-1024x415.jpg 1024w, https:\/\/us.edu.pl\/instytut\/inos\/wp-content\/uploads\/sites\/29\/Bez-kategorii\/MEIN_nowe-logo-768x311.jpg 768w, https:\/\/us.edu.pl\/instytut\/inos\/wp-content\/uploads\/sites\/29\/Bez-kategorii\/MEIN_nowe-logo-575x233.jpg 575w\" sizes=\"(max-width: 1067px) 100vw, 1067px\" \/><\/p>\n<\/div>\r\n                    <\/div>\r\n                <\/div>[\/vc_column][\/vc_row]<\/p>","protected":false},"excerpt":{"rendered":"<p>[vc_row][vc_column width=&#8221;2\/3&#8243;][\/vc_column][vc_column width=&#8221;1\/3&#8243;][\/vc_column][\/vc_row] [&#8230;]<\/p>\n<p><a class=\"btn btn-secondary understrap-read-more-link\" href=\"https:\/\/us.edu.pl\/instytut\/inos\/2023\/07\/06\/stypendium-mein-dla-dra-oskara-j-rojewskiego\/\">Read More&#8230;<\/a><\/p>\n","protected":false},"author":1,"featured_media":1136,"comment_status":"open","ping_status":"open","sticky":false,"template":"","format":"standard","meta":{"_expiration-date-status":"","_expiration-date":0,"_expiration-date-type":"","_expiration-date-categories":[],"_expiration-date-options":[]},"categories":[9],"tags":[],"acf":[],"_links":{"self":[{"href":"https:\/\/us.edu.pl\/instytut\/inos\/wp-json\/wp\/v2\/posts\/1132"}],"collection":[{"href":"https:\/\/us.edu.pl\/instytut\/inos\/wp-json\/wp\/v2\/posts"}],"about":[{"href":"https:\/\/us.edu.pl\/instytut\/inos\/wp-json\/wp\/v2\/types\/post"}],"author":[{"embeddable":true,"href":"https:\/\/us.edu.pl\/instytut\/inos\/wp-json\/wp\/v2\/users\/1"}],"replies":[{"embeddable":true,"href":"https:\/\/us.edu.pl\/instytut\/inos\/wp-json\/wp\/v2\/comments?post=1132"}],"version-history":[{"count":1,"href":"https:\/\/us.edu.pl\/instytut\/inos\/wp-json\/wp\/v2\/posts\/1132\/revisions"}],"predecessor-version":[{"id":1135,"href":"https:\/\/us.edu.pl\/instytut\/inos\/wp-json\/wp\/v2\/posts\/1132\/revisions\/1135"}],"wp:featuredmedia":[{"embeddable":true,"href":"https:\/\/us.edu.pl\/instytut\/inos\/wp-json\/wp\/v2\/media\/1136"}],"wp:attachment":[{"href":"https:\/\/us.edu.pl\/instytut\/inos\/wp-json\/wp\/v2\/media?parent=1132"}],"wp:term":[{"taxonomy":"category","embeddable":true,"href":"https:\/\/us.edu.pl\/instytut\/inos\/wp-json\/wp\/v2\/categories?post=1132"},{"taxonomy":"post_tag","embeddable":true,"href":"https:\/\/us.edu.pl\/instytut\/inos\/wp-json\/wp\/v2\/tags?post=1132"}],"curies":[{"name":"wp","href":"https:\/\/api.w.org\/{rel}","templated":true}]}}