{"id":1532,"date":"2022-08-02T09:46:42","date_gmt":"2022-08-02T07:46:42","guid":{"rendered":"https:\/\/us.edu.pl\/instytut\/inpr\/?p=1532"},"modified":"2026-07-23T12:44:03","modified_gmt":"2026-07-23T10:44:03","slug":"nauki-prawne-na-uniwersytecie-slaskim-z-kategoria-a","status":"publish","type":"post","link":"https:\/\/us.edu.pl\/instytut\/inpr\/2022\/08\/02\/nauki-prawne-na-uniwersytecie-slaskim-z-kategoria-a\/","title":{"rendered":"Nauki prawne z kategori\u0105 naukow\u0105 A! \u2013 komunikat MNiSW"},"content":{"rendered":"<p>[vc_row][vc_column]\r\n                <div class=\"text-modules\">\r\n                    <div class=\"container\">\r\n                        \r\n                        <div class=\"text-modules__content\"><p>Ministerstwo Nauki i Szkolnictwa Wy\u017cszego poda\u0142o wyniki ewaluacji jako\u015bci dzia\u0142alno\u015bci naukowej za lata 2022-2025. Mi\u0142o nam poinformowa\u0107, \u017ce dyscyplinie\u00a0<strong>nauki prawne<\/strong>\u00a0w Uniwersytecie \u015al\u0105skim przyznana zosta\u0142a\u00a0<strong>kategoria \u201eA\u201d.<\/strong><\/p>\n<p>Ewaluacja jako\u015bci dzia\u0142alno\u015bci naukowej jest przeprowadzana przez Ministra Nauki i Szkolnictwa Wy\u017cszego i obejmuje ocen\u0119 osi\u0105gni\u0119\u0107 naukowych, efekt\u00f3w finansowych bada\u0144 oraz wp\u0142ywu dzia\u0142alno\u015bci naukowej na funkcjonowanie spo\u0142ecze\u0144stwa i gospodarki.<\/p>\n<p>Rezultaty uzyskane we wszystkich trzech kategoriach potwierdzi\u0142y wysok\u0105 jako\u015b\u0107 bada\u0144 prowadzonych w Instytucie Nauk Prawnych w Uniwersytecie \u015al\u0105skim oraz nasz\u0105 pozycj\u0119 w czo\u0142\u00f3wce jednostek naukowych w kraju.<\/p>\n<p>Dzi\u0119kujemy wszystkim, kt\u00f3rych praca i zaanga\u017cowanie zaowocowa\u0142y uzyskaniem tak znakomitego wyniku!<\/p>\n<\/div>\r\n                    <\/div>\r\n                <\/div>[\/vc_column][\/vc_row]<\/p>","protected":false},"excerpt":{"rendered":"<p>[vc_row][vc_column][\/vc_column][\/vc_row] [&#8230;]<\/p>\n<p><a class=\"btn btn-secondary understrap-read-more-link\" href=\"https:\/\/us.edu.pl\/instytut\/inpr\/2022\/08\/02\/nauki-prawne-na-uniwersytecie-slaskim-z-kategoria-a\/\">Read More&#8230;<\/a><\/p>\n","protected":false},"author":107,"featured_media":1533,"comment_status":"open","ping_status":"open","sticky":false,"template":"","format":"standard","meta":{"_expiration-date-status":"","_expiration-date":0,"_expiration-date-type":"","_expiration-date-categories":[],"_expiration-date-options":[]},"categories":[8],"tags":[],"acf":[],"_links":{"self":[{"href":"https:\/\/us.edu.pl\/instytut\/inpr\/wp-json\/wp\/v2\/posts\/1532"}],"collection":[{"href":"https:\/\/us.edu.pl\/instytut\/inpr\/wp-json\/wp\/v2\/posts"}],"about":[{"href":"https:\/\/us.edu.pl\/instytut\/inpr\/wp-json\/wp\/v2\/types\/post"}],"author":[{"embeddable":true,"href":"https:\/\/us.edu.pl\/instytut\/inpr\/wp-json\/wp\/v2\/users\/107"}],"replies":[{"embeddable":true,"href":"https:\/\/us.edu.pl\/instytut\/inpr\/wp-json\/wp\/v2\/comments?post=1532"}],"version-history":[{"count":2,"href":"https:\/\/us.edu.pl\/instytut\/inpr\/wp-json\/wp\/v2\/posts\/1532\/revisions"}],"predecessor-version":[{"id":2878,"href":"https:\/\/us.edu.pl\/instytut\/inpr\/wp-json\/wp\/v2\/posts\/1532\/revisions\/2878"}],"wp:featuredmedia":[{"embeddable":true,"href":"https:\/\/us.edu.pl\/instytut\/inpr\/wp-json\/wp\/v2\/media\/1533"}],"wp:attachment":[{"href":"https:\/\/us.edu.pl\/instytut\/inpr\/wp-json\/wp\/v2\/media?parent=1532"}],"wp:term":[{"taxonomy":"category","embeddable":true,"href":"https:\/\/us.edu.pl\/instytut\/inpr\/wp-json\/wp\/v2\/categories?post=1532"},{"taxonomy":"post_tag","embeddable":true,"href":"https:\/\/us.edu.pl\/instytut\/inpr\/wp-json\/wp\/v2\/tags?post=1532"}],"curies":[{"name":"wp","href":"https:\/\/api.w.org\/{rel}","templated":true}]}}