{"id":422,"date":"2020-01-19T19:49:54","date_gmt":"2020-01-19T18:49:54","guid":{"rendered":"http:\/\/us.edu.pl\/instytut\/int\/?p=422"},"modified":"2020-02-01T21:38:44","modified_gmt":"2020-02-01T20:38:44","slug":"habilitacja-dr-anny-maliszewskiej","status":"publish","type":"post","link":"https:\/\/us.edu.pl\/instytut\/int\/2020\/01\/19\/habilitacja-dr-anny-maliszewskiej\/","title":{"rendered":"Habilitacja dr Anny Maliszewskiej"},"content":{"rendered":"<p>[vc_row][vc_column]\r\n                <div class=\"text-modules reverse\">\r\n                    <div class=\"container\">\r\n                         \r\n                        <div class=\"row m-0\">\r\n                            <div class=\"text-modules__content\">\r\n                                W dniu 14 stycznia 2020 roku Rada Naukowa Instytutu Nauk Teologicznych Uniwersytetu \u015al\u0105skiego jednog\u0142o\u015bnie nada\u0142a dr Annie Maliszewskiej stopie\u0144 naukowy doktora habilitowanego w dziedzinie nauki teologiczne, specjalno\u015b\u0107: teologia dogmatyczna. Bezpo\u015bredni\u0105 podstaw\u0105 by\u0142a opinia komisji habilitacyjnej w sk\u0142adzie: ks. prof. Janusz Kr\u0119cid\u0142o (przewodnicz\u0105cy, UKSW), ks. dr hab. Bogdan Biela (sekretarz, U\u015a), ks. dr hab. Cezary Smuniewski (recenzent, ASzWoj), o. dr hab. Marek Fia\u0142kowski (recenzent, KUL), ks. dr hab. S\u0142awomir Zieli\u0144ski (recenzent, U\u015a), ks. dr hab. Dariusz Krok (cz\u0142onek komisji, UO) oraz ks. dr hab. Antoni Bartoszek (cz\u0142onek komisji, U\u015a), kt\u00f3ra zebra\u0142a si\u0119 w dniu 20 grudnia 2019 roku i \u2013 r\u00f3wnie\u017c jednomy\u015blnie \u2013 zawnioskowa\u0142a do Rady Instytutu NT U\u015a o nadanie stopnia doktora habilitowanego dr Annie Maliszewskiej.<\/p>\n<p>Podstawowym osi\u0105gni\u0119ciem naukowym habilitantki by\u0142a monografia <em>W stron\u0119 antropologii inkluzywnej: g\u0142\u0119boka niepe\u0142nosprawno\u015b\u0107 intelektualna a cz\u0142owiecze\u0144stwo. Studium z zakresu katolickiej teologii niepe\u0142nosprawno\u015bci<\/em> (Wydawnictwo Uniwersytetu \u015al\u0105skiego, Katowice 2019, ss. 332). Praca powsta\u0142a w wyniku realizacji grantu badawczego przyznanego przez Narodowe Centrum Nauki w konkursie SONATA. Ponadto ocenie poddano pozosta\u0142y dorobek naukowy habilitantki, na kt\u00f3ry sk\u0142ada\u0142y si\u0119 przede wszystkim artyku\u0142y w polskich i zagranicznych periodykach naukowych, teksty i wyst\u0105pienia popularyzatorskie, wyst\u0105pienia na polskich i zagranicznych konferencjach naukowych, otrzymane nagrody, sta\u017ce zagraniczne, przynale\u017cno\u015b\u0107 do organizacji naukowych oraz dzia\u0142alno\u015b\u0107 dydaktyczna i organizacyjna. \r\n                                <div class=\"mt-3\"><\/div>\r\n                            <\/div>\r\n                            \r\n                            <div class=\"text-modules__img\"><img src=\"https:\/\/us.edu.pl\/instytut\/int\/wp-content\/uploads\/sites\/47\/Nieprzypisane\/Dr-A.-Maliszewska.jpeg\" alt=\"img\"><\/div>\r\n                        <\/div>\r\n                    <\/div>\r\n                <\/div>[\/vc_column][\/vc_row]<\/p>","protected":false},"excerpt":{"rendered":"<p>[vc_row][vc_column][\/vc_column][\/vc_row] [&#8230;]<\/p>\n<p><a class=\"btn btn-secondary understrap-read-more-link\" href=\"https:\/\/us.edu.pl\/instytut\/int\/2020\/01\/19\/habilitacja-dr-anny-maliszewskiej\/\">Read More&#8230;<\/a><\/p>\n","protected":false},"author":120,"featured_media":429,"comment_status":"open","ping_status":"open","sticky":false,"template":"","format":"standard","meta":{"_expiration-date-status":"saved","_expiration-date":0,"_expiration-date-type":"","_expiration-date-categories":[],"_expiration-date-options":[]},"categories":[19],"tags":[],"acf":[],"_links":{"self":[{"href":"https:\/\/us.edu.pl\/instytut\/int\/wp-json\/wp\/v2\/posts\/422"}],"collection":[{"href":"https:\/\/us.edu.pl\/instytut\/int\/wp-json\/wp\/v2\/posts"}],"about":[{"href":"https:\/\/us.edu.pl\/instytut\/int\/wp-json\/wp\/v2\/types\/post"}],"author":[{"embeddable":true,"href":"https:\/\/us.edu.pl\/instytut\/int\/wp-json\/wp\/v2\/users\/120"}],"replies":[{"embeddable":true,"href":"https:\/\/us.edu.pl\/instytut\/int\/wp-json\/wp\/v2\/comments?post=422"}],"version-history":[{"count":5,"href":"https:\/\/us.edu.pl\/instytut\/int\/wp-json\/wp\/v2\/posts\/422\/revisions"}],"predecessor-version":[{"id":440,"href":"https:\/\/us.edu.pl\/instytut\/int\/wp-json\/wp\/v2\/posts\/422\/revisions\/440"}],"wp:featuredmedia":[{"embeddable":true,"href":"https:\/\/us.edu.pl\/instytut\/int\/wp-json\/wp\/v2\/media\/429"}],"wp:attachment":[{"href":"https:\/\/us.edu.pl\/instytut\/int\/wp-json\/wp\/v2\/media?parent=422"}],"wp:term":[{"taxonomy":"category","embeddable":true,"href":"https:\/\/us.edu.pl\/instytut\/int\/wp-json\/wp\/v2\/categories?post=422"},{"taxonomy":"post_tag","embeddable":true,"href":"https:\/\/us.edu.pl\/instytut\/int\/wp-json\/wp\/v2\/tags?post=422"}],"curies":[{"name":"wp","href":"https:\/\/api.w.org\/{rel}","templated":true}]}}