{"id":8588,"date":"2024-12-23T13:14:04","date_gmt":"2024-12-23T12:14:04","guid":{"rendered":"https:\/\/us.edu.pl\/instytut\/ip\/?p=8588"},"modified":"2024-12-23T19:40:25","modified_gmt":"2024-12-23T18:40:25","slug":"dr-kolodziej-zaleska-prof-us-wraz-zespolem-zaprasza-na-ii-czesc-kompasu-dla-rodzicow-aby-sie-nie-zgubic","status":"publish","type":"post","link":"https:\/\/us.edu.pl\/instytut\/ip\/2024\/12\/23\/dr-kolodziej-zaleska-prof-us-wraz-zespolem-zaprasza-na-ii-czesc-kompasu-dla-rodzicow-aby-sie-nie-zgubic\/","title":{"rendered":"dr Ko\u0142odziej-Zaleska, prof. U\u015a wraz zespo\u0142em prezentuje II cz\u0119\u015b\u0107 \u201eKompasu dla rodzic\u00f3w. Aby si\u0119 nie zgubi\u0107&#8230;&#8221;"},"content":{"rendered":"<p>[vc_row][vc_column]\r\n                <div class=\"text-modules reverse\">\r\n                    <div class=\"container\">\r\n                         \r\n                        <div class=\"row m-0\">\r\n                            <div class=\"text-modules__content\">\r\n                                <span style=\"font-size: 14pt;\">Powstanie i promocja\u00a0<strong>3-cz\u0119\u015bciowego, darmowego e-booka<\/strong>\u00a0zatytu\u0142owanego:<\/span><\/p>\n<p><span style=\"font-size: 14pt;\"><strong>\u201cKompas dla rodzic\u00f3w. Wiedza o rozwoju dziecka i rodziny w pytaniach i przyjaznych odpowiedziach\u201d<\/strong><\/span><\/p>\n<p><span style=\"font-size: 14pt;\">by\u0142o mo\u017cliwe dzi\u0119ki dw\u00f3m\u00a0<strong>konkursom Europejskiego Miasta Nauki Katowice 2024<\/strong>\u00a0(EMNK2024):<\/span><\/p>\n<p><span style=\"font-size: 14pt;\">\u201ePopularyzacja nauki\u201d oraz<strong>\u00a0<\/strong><strong>\u201eWsp\u00f3\u0142my\u015blenie, wsp\u00f3\u0142dzia\u0142anie\u201d\u00a0<em>dla mentorek i mentor\u00f3w zespo\u0142\u00f3w studenckich realizuj\u0105cych projekty naukowe, dydaktyczne, spo\u0142eczne oraz artystyczne<\/em>.<\/strong><\/span><\/p>\n<p><span style=\"font-size: 14pt;\">Autorkami e-booka s\u0105 osoby \u017cywo zainteresowane tematyk\u0105 rodzicielstwa, dziecka oraz rodziny, a tak\u017ce miejscem, jakie zajmuje psychologia w tych obszarach. S\u0105 to magistrantki psychologii w Instytucie Psychologii Uniwersytetu \u015al\u0105skiego<strong>: Julia Pawe\u0142czak, Hanna B\u0142och, Natalia Morawiec, Klaudia Olszewska i Dominika Plewniak.<\/strong><\/span><\/p>\n<p><span style=\"font-size: 14pt;\">Mentork\u0105 sprawuj\u0105c\u0105 opiek\u0119 nad zespo\u0142em jest\u00a0<strong>dr Anna Ko\u0142odziej-Zaleska, prof. U\u015a<\/strong>.\u00a0<\/span><\/p>\n<p><span style=\"font-size: 14pt;\">Pomys\u0142em zespo\u0142u by\u0142o stworzenie tre\u015bci i materia\u0142\u00f3w, kt\u00f3re\u00a0<strong>maj\u0105 pom\u00f3c doros\u0142ym lepiej rozumie\u0107 siebie samych oraz swoje dzieci<\/strong>. Starano si\u0119 wypracowa\u0107 spos\u00f3b na: efektywne i jednocze\u015bnie efektowne, nowoczesne i jednocze\u015bnie mocno osadzone w nauce,\u00a0<strong>popularyzowanie wiedzy<\/strong><strong>\u00a0na temat psychologii rodziny<\/strong>.\u00a0<\/span><\/p>\n<p><span style=\"font-size: 14pt;\">W \u201eKompasie dla rodzic\u00f3w\u201d zaprezentowano naukow\u0105, rzeteln\u0105 wiedz\u0119 w spos\u00f3b ciekawy, pomocny i inspiruj\u0105cy,\u00a0<strong>w formie wa\u017cnych pyta\u0144 i przyjaznych odpowiedzi z pi\u0119knymi ilustracjami!<\/strong><strong>\u00a0<\/strong><\/span><\/p>\n<p><span style=\"font-size: 14pt;\"><strong>Kompas dla rodzic\u00f3w, ale te\u017c dla profesjonalist\u00f3w pracuj\u0105cych z dzieckiem i rodzin\u0105 oraz student\u00f3w psychologii czy pedagogiki pokazuje, jak \u2013 bezpiecznie i nie gubi\u0105c celu \u2013 przej\u015b\u0107 przez kr\u0119te \u015bcie\u017cki rozwoju dzieci i \u017cycia rodzinnego.<\/strong><\/span><\/p>\n<p><span style=\"font-size: 14pt;\">Cz\u0119\u015b\u0107 pierwsza\u00a0 \u00a0\u201eKompasu dla rodzic\u00f3w. Na dobrej drodze \u2026&#8221; (<a href=\"https:\/\/us.edu.pl\/instytut\/ip\/wp-content\/uploads\/sites\/33\/Bez-kategorii\/KOMPAS-dla-rodzicow_czesc1.pdf\" class=\"mtli_attachment mtli_pdf\" data-mtli=\"mtli_filesize7,04MB\">KOMPAS dla rodzic\u00f3w_cz\u0119\u015b\u01071<\/a>) i druga &#8222;Aby si\u0119 nie zgubi\u0107&#8230;\u201d (<a href=\"https:\/\/us.edu.pl\/instytut\/ip\/wp-content\/uploads\/sites\/33\/Bez-kategorii\/czesc-2_Kompas-dla-rodzicow.pdf\" class=\"mtli_attachment mtli_pdf\" data-mtli=\"mtli_filesize6,43MB\">cz\u0119\u015b\u0107 2_Kompas dla rodzic\u00f3w<\/a>) \u2013 ju\u017c do pobrania!<\/span><\/p>\n<p><span style=\"font-size: 14pt;\">Cz\u0119\u015b\u0107\u00a0 trzecia \u2013 niebawem!<\/span> \r\n                                <div class=\"mt-3\"><a href=\"https:\/\/us.edu.pl\/instytut\/ip\/wp-content\/uploads\/sites\/33\/Bez-kategorii\/KOMPAS-dla-rodzicow_czesc1.pdf\" class=\"mtli_attachment mtli_pdf\" data-mtli=\"mtli_filesize7,04MB\" class=\"link-button mr-3 \">\u201eKompas dla rodzic\u00f3w. Na dobrej drodze \u2026\" cz.1<\/a><a href=\"https:\/\/us.edu.pl\/instytut\/ip\/wp-content\/uploads\/sites\/33\/Bez-kategorii\/czesc-2_Kompas-dla-rodzicow.pdf\" class=\"mtli_attachment mtli_pdf\" data-mtli=\"mtli_filesize6,43MB\" class=\"link-button mr-3 \">\u201eKompas dla rodzic\u00f3w. Aby si\u0119 nie zgubi\u0107...\" cz.2<\/a><\/div>\r\n                            <\/div>\r\n                            \r\n                            <div class=\"text-modules__img\"><img src=\"https:\/\/us.edu.pl\/instytut\/ip\/wp-content\/uploads\/sites\/33\/Bez-kategorii\/KOMAS_grafika_bezQR.jpg\" alt=\"img\"><\/div>\r\n                        <\/div>\r\n                    <\/div>\r\n                <\/div>[\/vc_column][\/vc_row]<\/p>\n<style type=\"text\/css\">a[data-mtli~=\"mtli_filesize7,04MB\"]:after {content:\" (7,04 MB)\"}a[data-mtli~=\"mtli_filesize6,43MB\"]:after {content:\" (6,43 MB)\"}<\/style>","protected":false},"excerpt":{"rendered":"<p>[vc_row][vc_column][\/vc_column][\/vc_row] [&#8230;]<\/p>\n<p><a class=\"btn btn-secondary understrap-read-more-link\" href=\"https:\/\/us.edu.pl\/instytut\/ip\/2024\/12\/23\/dr-kolodziej-zaleska-prof-us-wraz-zespolem-zaprasza-na-ii-czesc-kompasu-dla-rodzicow-aby-sie-nie-zgubic\/\">Read More&#8230;<\/a><\/p>\n","protected":false},"author":159,"featured_media":8244,"comment_status":"open","ping_status":"open","sticky":false,"template":"","format":"standard","meta":{"_expiration-date-status":"","_expiration-date":0,"_expiration-date-type":"","_expiration-date-categories":[],"_expiration-date-options":[]},"categories":[27,34],"tags":[],"acf":[],"_links":{"self":[{"href":"https:\/\/us.edu.pl\/instytut\/ip\/wp-json\/wp\/v2\/posts\/8588"}],"collection":[{"href":"https:\/\/us.edu.pl\/instytut\/ip\/wp-json\/wp\/v2\/posts"}],"about":[{"href":"https:\/\/us.edu.pl\/instytut\/ip\/wp-json\/wp\/v2\/types\/post"}],"author":[{"embeddable":true,"href":"https:\/\/us.edu.pl\/instytut\/ip\/wp-json\/wp\/v2\/users\/159"}],"replies":[{"embeddable":true,"href":"https:\/\/us.edu.pl\/instytut\/ip\/wp-json\/wp\/v2\/comments?post=8588"}],"version-history":[{"count":5,"href":"https:\/\/us.edu.pl\/instytut\/ip\/wp-json\/wp\/v2\/posts\/8588\/revisions"}],"predecessor-version":[{"id":8625,"href":"https:\/\/us.edu.pl\/instytut\/ip\/wp-json\/wp\/v2\/posts\/8588\/revisions\/8625"}],"wp:featuredmedia":[{"embeddable":true,"href":"https:\/\/us.edu.pl\/instytut\/ip\/wp-json\/wp\/v2\/media\/8244"}],"wp:attachment":[{"href":"https:\/\/us.edu.pl\/instytut\/ip\/wp-json\/wp\/v2\/media?parent=8588"}],"wp:term":[{"taxonomy":"category","embeddable":true,"href":"https:\/\/us.edu.pl\/instytut\/ip\/wp-json\/wp\/v2\/categories?post=8588"},{"taxonomy":"post_tag","embeddable":true,"href":"https:\/\/us.edu.pl\/instytut\/ip\/wp-json\/wp\/v2\/tags?post=8588"}],"curies":[{"name":"wp","href":"https:\/\/api.w.org\/{rel}","templated":true}]}}