{"id":2379,"date":"2024-02-28T08:03:56","date_gmt":"2024-02-28T07:03:56","guid":{"rendered":"https:\/\/us.edu.pl\/instytut\/is\/?p=2379"},"modified":"2024-02-28T08:03:56","modified_gmt":"2024-02-28T07:03:56","slug":"zmarl-dr-hab-krzysztof-czekaj","status":"publish","type":"post","link":"https:\/\/us.edu.pl\/instytut\/is\/2024\/02\/28\/zmarl-dr-hab-krzysztof-czekaj\/","title":{"rendered":"Zmar\u0142 dr hab. Krzysztof Czekaj"},"content":{"rendered":"<p><span style=\"font-size: 14pt;\"><strong>Dr hab. Krzysztof Czekaj (1958-2024)<\/strong><\/span><\/p>\n<p><span style=\"font-size: 14pt;\">Ze smutkiem informujemy o \u015bmierci wieloletniego pracownika Instytutu Socjologii Uniwersytetu \u015al\u0105skiego w Katowicach dr. hab. Krzysztofa Czekaja.\u00a0 \u00a0 \u00a0 By\u0142 On uznanym badaczem zjawisk spo\u0142ecznych, specjalizuj\u0105cym si\u0119 przede wszystkim w socjologii miasta, polityce spo\u0142ecznej, pracy socjalnej, kryminologii i socjologii grup dyspozycyjnych. Popularyzowa\u0142 dorobek socjologicznej szko\u0142y chicagowskiej, przez lata zajmowa\u0142a Go tematyka problem\u00f3w spo\u0142ecznych w miastach na terenie \u015al\u0105ska i Zag\u0142\u0119bia. By\u0142 nauczycielem akademickim i Koleg\u0105 wielu os\u00f3b z naszego \u015brodowiska. B\u0119dziemy o Nim pami\u0119ta\u0107.<\/span><\/p>\n<p><span style=\"font-size: 14pt;\">Msza \u015bwi\u0119ta \u017ca\u0142obna odprawiona zostanie 01.03.2024r. (pi\u0105tek) o godz. 11:00 w Kaplicy \u015bw. Tomasza przy ul. Ma\u0142ob\u0105dzkiej w Sosnowcu. Po nabo\u017ce\u0144stwie nast\u0105pi odprowadzenie urny z prochami na miejsce spoczynku na tutejszym cmentarzu.<\/span><\/p>\n<p><span style=\"font-size: 14pt;\">Bliskim Zmar\u0142ego sk\u0142adamy wyrazy wsp\u00f3\u0142czucia.<\/span><\/p>\n<p>&nbsp;<\/p>\n<p><span style=\"font-size: 14pt;\"><em>(fot. z zasob\u00f3w Instytutu Socjologii UKEN w Krakowie)<\/em><\/span><\/p>","protected":false},"excerpt":{"rendered":"<p>Dr hab. Krzysztof Czekaj (1958-2024) Ze smutkiem informujemy o \u015bmierci wieloletniego pracownika Instytutu Socjologii Uniwersytetu \u015al\u0105skiego w Katowicach dr. hab. Krzysztofa Czekaja.\u00a0 \u00a0 \u00a0 By\u0142 On uznanym badaczem zjawisk spo\u0142ecznych, specjalizuj\u0105cym si\u0119 przede wszystkim w socjologii miasta, polityce spo\u0142ecznej, pracy socjalnej, kryminologii i socjologii grup dyspozycyjnych. Popularyzowa\u0142 dorobek socjologicznej szko\u0142y chicagowskiej, przez lata zajmowa\u0142a Go [&#8230;]<\/p>\n<p><a class=\"btn btn-secondary understrap-read-more-link\" href=\"https:\/\/us.edu.pl\/instytut\/is\/2024\/02\/28\/zmarl-dr-hab-krzysztof-czekaj\/\">Read More&#8230;<\/a><\/p>\n","protected":false},"author":6407,"featured_media":2380,"comment_status":"open","ping_status":"open","sticky":false,"template":"","format":"standard","meta":{"_expiration-date-status":"","_expiration-date":0,"_expiration-date-type":"","_expiration-date-categories":[],"_expiration-date-options":[]},"categories":[10,8],"tags":[],"acf":[],"_links":{"self":[{"href":"https:\/\/us.edu.pl\/instytut\/is\/wp-json\/wp\/v2\/posts\/2379"}],"collection":[{"href":"https:\/\/us.edu.pl\/instytut\/is\/wp-json\/wp\/v2\/posts"}],"about":[{"href":"https:\/\/us.edu.pl\/instytut\/is\/wp-json\/wp\/v2\/types\/post"}],"author":[{"embeddable":true,"href":"https:\/\/us.edu.pl\/instytut\/is\/wp-json\/wp\/v2\/users\/6407"}],"replies":[{"embeddable":true,"href":"https:\/\/us.edu.pl\/instytut\/is\/wp-json\/wp\/v2\/comments?post=2379"}],"version-history":[{"count":3,"href":"https:\/\/us.edu.pl\/instytut\/is\/wp-json\/wp\/v2\/posts\/2379\/revisions"}],"predecessor-version":[{"id":2383,"href":"https:\/\/us.edu.pl\/instytut\/is\/wp-json\/wp\/v2\/posts\/2379\/revisions\/2383"}],"wp:featuredmedia":[{"embeddable":true,"href":"https:\/\/us.edu.pl\/instytut\/is\/wp-json\/wp\/v2\/media\/2380"}],"wp:attachment":[{"href":"https:\/\/us.edu.pl\/instytut\/is\/wp-json\/wp\/v2\/media?parent=2379"}],"wp:term":[{"taxonomy":"category","embeddable":true,"href":"https:\/\/us.edu.pl\/instytut\/is\/wp-json\/wp\/v2\/categories?post=2379"},{"taxonomy":"post_tag","embeddable":true,"href":"https:\/\/us.edu.pl\/instytut\/is\/wp-json\/wp\/v2\/tags?post=2379"}],"curies":[{"name":"wp","href":"https:\/\/api.w.org\/{rel}","templated":true}]}}