{"id":4472,"date":"2022-05-10T14:45:51","date_gmt":"2022-05-10T12:45:51","guid":{"rendered":"https:\/\/us.edu.pl\/instytut\/ibbios\/?p=4472"},"modified":"2022-05-10T14:50:38","modified_gmt":"2022-05-10T12:50:38","slug":"wirtualne-targi-pracy-nice2meetus","status":"publish","type":"post","link":"https:\/\/us.edu.pl\/instytut\/ibbios\/2022\/05\/10\/wirtualne-targi-pracy-nice2meetus\/","title":{"rendered":"Wirtualne targi pracy Nice2MeetUS"},"content":{"rendered":"<p>[vc_row][vc_column][vc_column_text]<\/p>\n<p style=\"text-align: justify; margin: 0cm 0cm 8.0pt 0cm;\"><span style=\"font-size: 12pt;\"><span style=\"font-family: 'Calibri', sans-serif; color: black;\">Od wielu lat Uniwersytet \u015al\u0105ski w Katowicach wspiera rozw\u00f3j nie tylko student\u00f3w z ca\u0142ego \u015bwiata ale tak\u017ce naukowc\u00f3w.<\/span><span style=\"font-family: 'Verdana', sans-serif;\"><!-- o ignored --><\/span><\/span><\/p>\n<p>&nbsp;<\/p>\n<p style=\"text-align: justify; margin: 0cm 0cm 8.0pt 0cm;\"><span style=\"font-size: 12pt;\"><span style=\"font-family: 'Calibri', sans-serif; color: black;\">W tym roku <strong><span style=\"font-family: 'Calibri',sans-serif;\">w ramach projektu Come2US<\/span><\/strong> organizujemy <a href=\"https:\/\/us.edu.pl\/event\/wirtualne-targi-pracy-nice2meetus\/\"><strong><span style=\"font-family: 'Calibri',sans-serif;\">Wirtualne Targi Pracy Nice2MeetUS<\/span><\/strong><\/a>, podczas kt\u00f3rych umo\u017cliwimy naukowcom z zagranicy zapoznanie si\u0119 ze struktur\u0105 poszczeg\u00f3lnych wydzia\u0142\u00f3w i mo\u017cliwo\u015bciami rozwoju na naszej uczelni.\u00a0W trzecim dniu targ\u00f3w przedstawiciele NAWA (Narodowa Agencja Wymiany Akademickiej) opowiedz\u0105 o projektach dla naukowc\u00f3w takich jak np. Polskie Powroty NAWA.<\/span><span style=\"font-family: 'Verdana', sans-serif;\"><!-- o ignored --><\/span><\/span><\/p>\n<p>&nbsp;<\/p>\n<p style=\"text-align: justify; margin: 0cm 0cm 8.0pt 0cm;\"><span style=\"font-size: 12pt;\"><span style=\"font-family: 'Calibri', sans-serif; color: black;\">Wydarzenie b\u0119dzie trwa\u0107 trzy dni: <strong><span style=\"font-family: 'Calibri',sans-serif;\">18, 19 i 20 maja 2022 roku<\/span><\/strong>. Targi b\u0119d\u0105 odbywa\u0107 si\u0119 <strong><span style=\"font-family: 'Calibri',sans-serif;\">ONLINE<\/span><\/strong> na <strong><span style=\"font-family: 'Calibri',sans-serif;\">platformie coffee<\/span><\/strong>.<\/span><span style=\"font-family: 'Verdana', sans-serif;\"><!-- o ignored --><\/span><\/span><\/p>\n<p>&nbsp;<\/p>\n<p style=\"margin: 0cm 0cm 8.0pt 0cm;\"><span style=\"font-size: 12pt;\"><a href=\"https:\/\/us.edu.pl\/pracownik\/welcomepoint\/en\/virtual-job-fair\/?doing_wp_cron=1650962440.0825779438018798828125\"><strong><span style=\"font-family: 'Calibri', sans-serif; color: black;\">Wi\u0119cej informacji<\/span><\/strong><\/a><span style=\"font-family: 'Calibri', sans-serif; color: black;\"><a href=\"https:\/\/us.edu.pl\/pracownik\/welcomepoint\/en\/virtual-job-fair\/?doing_wp_cron=1650962440.0825779438018798828125\"> znajduje si\u0119 na naszej stronie<\/a>.<\/span><span style=\"font-family: 'Calibri', sans-serif;\"><!-- o ignored --><\/span><\/span><\/p>\n<p style=\"text-align: justify; margin: 0cm 0cm 8.0pt 0cm;\"><span style=\"font-size: 12pt; font-family: 'Calibri', sans-serif;\"><!-- o ignored -->\u00a0<\/span><\/p>\n<p style=\"text-align: justify; margin: 0cm 0cm 8.0pt 0cm;\"><span style=\"font-size: 12pt;\"><span style=\"font-family: 'Calibri', sans-serif; color: black;\">Serdecznie <strong><span style=\"font-family: 'Calibri',sans-serif;\">zapraszamy do udzia\u0142u<\/span><\/strong> w wydarzeniu <strong><span style=\"font-family: 'Calibri',sans-serif;\">Wirtualne Targi Pracy \u201eNice2MeetUS\u201d<\/span><\/strong>\u00a0, a tak\u017ce <strong><span style=\"font-family: 'Calibri',sans-serif;\">do rozpowszechniania<\/span><\/strong> informacji o wydarzeniu w\u015br\u00f3d znajomych naukowc\u00f3w. <\/span><span style=\"font-family: 'Verdana', sans-serif;\"><!-- o ignored --><\/span><\/span><\/p>\n<p style=\"margin: 0cm 0cm 8.0pt 0cm;\"><span style=\"font-size: 12pt;\"><span style=\"font-family: 'Calibri', sans-serif; color: black;\"><a href=\"https:\/\/www.facebook.com\/UniwersytetSlaski\/photos\/a.393172868460\/10158615857163461\">Link do wydarzenia na FB<\/a>.<\/span><span style=\"font-family: 'Calibri', sans-serif;\"><span style=\"color: black;\"><!-- o ignored --><\/span><\/span><\/span><\/p>\n<p style=\"text-align: justify; margin: 0cm 0cm 8.0pt 0cm;\"><span style=\"font-size: 12pt;\"><span style=\"font-family: 'Calibri', sans-serif; color: black;\">\u00a0<\/span><span style=\"font-family: 'Verdana', sans-serif;\"><!-- o ignored --><\/span><\/span><\/p>\n<p style=\"margin: 0cm 0cm 8.0pt 0cm;\"><span style=\"font-size: 12pt;\"><strong><span style=\"font-family: 'Calibri', sans-serif; color: black;\">Rejestracja:<\/span><\/strong><span style=\"font-family: 'Calibri', sans-serif; color: black;\">\u00a0<\/span><span style=\"font-family: 'Calibri', sans-serif;\"><a title=\"https:\/\/formularze.us.edu.pl\/meetus\/593\" href=\"https:\/\/formularze.us.edu.pl\/meetus\/593\">https:\/\/formularze.us.edu.pl\/meetus\/593<\/a><!-- o ignored --><\/span><\/span><\/p>\n<p style=\"margin: 0cm 0cm 8.0pt 0cm;\"><span style=\"font-size: 12pt;\"><span style=\"font-family: 'Calibri', sans-serif; color: black;\">W razie pyta\u0144 serdecznie zapraszamy do <a href=\"mailto:come2US@us.edu.pl\"><strong><span style=\"font-family: 'Calibri',sans-serif;\">kontaktu<\/span><\/strong><\/a>!<\/span><\/span><span style=\"font-size: 10.0pt; font-family: 'Calibri',sans-serif;\"><!-- o ignored --><\/span><\/p>\n<p>[\/vc_column_text][\/vc_column][\/vc_row][vc_row][vc_column][\/vc_column][\/vc_row][vc_row][vc_column][vc_column_text][\/vc_column_text][\/vc_column][\/vc_row]<\/p>","protected":false},"excerpt":{"rendered":"<p>[vc_row][vc_column][vc_column_text] Od wielu lat Uniwersytet \u015al\u0105ski w Katowicach wspiera rozw\u00f3j nie tylko student\u00f3w z ca\u0142ego \u015bwiata ale tak\u017ce naukowc\u00f3w. &nbsp; W tym roku w ramach projektu Come2US organizujemy Wirtualne Targi Pracy Nice2MeetUS, podczas kt\u00f3rych umo\u017cliwimy naukowcom z zagranicy zapoznanie si\u0119 ze struktur\u0105 poszczeg\u00f3lnych wydzia\u0142\u00f3w i mo\u017cliwo\u015bciami rozwoju na naszej uczelni.\u00a0W trzecim dniu targ\u00f3w przedstawiciele NAWA [&#8230;]<\/p>\n<p><a class=\"btn btn-secondary understrap-read-more-link\" href=\"https:\/\/us.edu.pl\/instytut\/ibbios\/2022\/05\/10\/wirtualne-targi-pracy-nice2meetus\/\">Read More&#8230;<\/a><\/p>\n","protected":false},"author":4825,"featured_media":4473,"comment_status":"open","ping_status":"open","sticky":false,"template":"","format":"standard","meta":{"_expiration-date-status":"","_expiration-date":0,"_expiration-date-type":"","_expiration-date-categories":[],"_expiration-date-options":[]},"categories":[13,10],"tags":[252,253,254,251,255],"acf":[],"_links":{"self":[{"href":"https:\/\/us.edu.pl\/instytut\/ibbios\/wp-json\/wp\/v2\/posts\/4472"}],"collection":[{"href":"https:\/\/us.edu.pl\/instytut\/ibbios\/wp-json\/wp\/v2\/posts"}],"about":[{"href":"https:\/\/us.edu.pl\/instytut\/ibbios\/wp-json\/wp\/v2\/types\/post"}],"author":[{"embeddable":true,"href":"https:\/\/us.edu.pl\/instytut\/ibbios\/wp-json\/wp\/v2\/users\/4825"}],"replies":[{"embeddable":true,"href":"https:\/\/us.edu.pl\/instytut\/ibbios\/wp-json\/wp\/v2\/comments?post=4472"}],"version-history":[{"count":4,"href":"https:\/\/us.edu.pl\/instytut\/ibbios\/wp-json\/wp\/v2\/posts\/4472\/revisions"}],"predecessor-version":[{"id":4491,"href":"https:\/\/us.edu.pl\/instytut\/ibbios\/wp-json\/wp\/v2\/posts\/4472\/revisions\/4491"}],"wp:featuredmedia":[{"embeddable":true,"href":"https:\/\/us.edu.pl\/instytut\/ibbios\/wp-json\/wp\/v2\/media\/4473"}],"wp:attachment":[{"href":"https:\/\/us.edu.pl\/instytut\/ibbios\/wp-json\/wp\/v2\/media?parent=4472"}],"wp:term":[{"taxonomy":"category","embeddable":true,"href":"https:\/\/us.edu.pl\/instytut\/ibbios\/wp-json\/wp\/v2\/categories?post=4472"},{"taxonomy":"post_tag","embeddable":true,"href":"https:\/\/us.edu.pl\/instytut\/ibbios\/wp-json\/wp\/v2\/tags?post=4472"}],"curies":[{"name":"wp","href":"https:\/\/api.w.org\/{rel}","templated":true}]}}