{"id":4798,"date":"2022-09-08T13:56:31","date_gmt":"2022-09-08T11:56:31","guid":{"rendered":"https:\/\/us.edu.pl\/instytut\/ibbios\/?p=4798"},"modified":"2022-09-08T13:56:31","modified_gmt":"2022-09-08T11:56:31","slug":"stypendium-ministra-za-znaczace-osiagniecia-dla-studentow-na-rok-akademicki-2022-2023-informacje","status":"publish","type":"post","link":"https:\/\/us.edu.pl\/instytut\/ibbios\/2022\/09\/08\/stypendium-ministra-za-znaczace-osiagniecia-dla-studentow-na-rok-akademicki-2022-2023-informacje\/","title":{"rendered":"Stypendium ministra za znacz\u0105ce osi\u0105gni\u0119cia dla student\u00f3w na rok akademicki 2022\/2023 &#8211; informacje."},"content":{"rendered":"<p>[vc_row][vc_column][vc_column_text]<span style=\"font-size: 12pt;\"><span style=\"font-family: 'Verdana', sans-serif;\">W zwi\u0105zku z og\u0142oszeniem z dnia 04.08.2022 roku na temat\u00a0<strong><i><span style=\"font-family: 'Verdana',sans-serif;\">stypendium Ministra Edukacji i Nauki za znacz\u0105ce osi\u0105gni\u0119cia dla student\u00f3w na rok akademicki 2022\/2023<\/span><\/i><\/strong>\u00a0opublikowanym na stronie Ministerstwa Edukacji i Nauki\u00a0<a href=\"https:\/\/www.gov.pl\/web\/edukacja-i-nauka\/informacja-na-temat-stypendiow-ministra-edukacji-i-nauki-za-znaczace-osiagniecia-dla-studentow-na-rok-akademicki-20222023-konkurs-sst03\">https:\/\/www.gov.pl\/web\/edukacja-i-nauka\/informacja-na-temat-stypendiow-ministra-edukacji-i-nauki-za-znaczace-osiagniecia-dla-studentow-na-rok-akademicki-20222023-konkurs-sst03<\/a>, zach\u0119camy do <\/span><span style=\"font-family: 'Verdana', sans-serif;\">zapoznania si\u0119 z za\u0142\u0105czonym komunikatem w sprawie <strong><i><span style=\"font-family: 'Verdana',sans-serif;\">trybu ubiegania si\u0119 o stypendium ministra za znacz\u0105ce osi\u0105gni\u0119cia dla student\u00f3w na rok akademicki 2022\/2023 <\/span><\/i><\/strong><span style=\"font-family: 'Verdana',sans-serif;\">(plik PDF poni\u017cej)<\/span>.<br \/>\n<\/span><\/span><\/p>\n<p><span style=\"font-size: 12pt; font-family: 'Verdana', sans-serif;\">\u00a0<\/span><\/p>\n<p><span style=\"font-size: 12pt; font-family: 'Verdana', sans-serif;\">Wnioskodawcy musz\u0105 posiada\u0107 rekomendacj\u0119 dziekan\u00f3w wydan\u0105 w \u015bci\u015ble okre\u015blonym terminie do <strong><span style=\"font-family: 'Verdana',sans-serif;\">10 pa\u017adziernika 2022<\/span><\/strong>\u00a0<strong><span style=\"font-family: 'Verdana',sans-serif;\">roku<\/span><\/strong>.<\/span><\/p>\n<p>&nbsp;<\/p>\n<p>&nbsp;<\/p>\n<hr \/>\n<p><span style=\"font-size: 12pt;\">Pliki:<\/span><\/p>\n<p><span style=\"font-size: 12pt;\"><a href=\"https:\/\/us.edu.pl\/instytut\/ibbios\/wp-content\/uploads\/sites\/36\/Stypendia\/informacja-stypendium-ministra-2022-2023-PDF.pdf\" class=\"mtli_attachment mtli_pdf\" data-mtli=\"mtli_filesize721,55kB\">Informacja o stypendium ministra 2022\/2023<\/a><\/span><\/p>\n<p><span style=\"font-size: 12pt;\"><a href=\"https:\/\/us.edu.pl\/instytut\/ibbios\/wp-content\/uploads\/sites\/36\/Stypendia\/Zgloszenie-kandydatury-do-stypendium-ministra-2022-2023-zalacznik-do-komunikatu.docx\" class=\"mtli_attachment mtli_docx\" data-mtli=\"mtli_filesize20,12kB\">Zg\u0142oszenie kandydatury do stypendium ministra 2022\/2023<\/a><\/span><\/p>\n<p><span style=\"font-size: 12pt;\"><a href=\"https:\/\/us.edu.pl\/instytut\/ibbios\/wp-content\/uploads\/sites\/36\/Stypendia\/1.-_zal_nr_1_OSF_-_oswiadczenie_do_wniosku_RODO-2022-2023.docx\" class=\"mtli_attachment mtli_docx\" data-mtli=\"mtli_filesize17,44kB\">O\u015bwiadczenie RODO<\/a><\/span>[\/vc_column_text][\/vc_column][\/vc_row]<\/p>\n<style type=\"text\/css\">a[data-mtli~=\"mtli_filesize721,55kB\"]:after {content:\" (721,55 kB)\"}a[data-mtli~=\"mtli_filesize20,12kB\"]:after {content:\" (20,12 kB)\"}a[data-mtli~=\"mtli_filesize17,44kB\"]:after {content:\" (17,44 kB)\"}<\/style>","protected":false},"excerpt":{"rendered":"<p>[vc_row][vc_column][vc_column_text]W zwi\u0105zku z og\u0142oszeniem z dnia 04.08.2022 roku na temat\u00a0stypendium Ministra Edukacji i Nauki za znacz\u0105ce osi\u0105gni\u0119cia dla student\u00f3w na rok akademicki 2022\/2023\u00a0opublikowanym na stronie Ministerstwa Edukacji i Nauki\u00a0https:\/\/www.gov.pl\/web\/edukacja-i-nauka\/informacja-na-temat-stypendiow-ministra-edukacji-i-nauki-za-znaczace-osiagniecia-dla-studentow-na-rok-akademicki-20222023-konkurs-sst03, zach\u0119camy do zapoznania si\u0119 z za\u0142\u0105czonym komunikatem w sprawie trybu ubiegania si\u0119 o stypendium ministra za znacz\u0105ce osi\u0105gni\u0119cia dla student\u00f3w na rok akademicki 2022\/2023 (plik PDF [&#8230;]<\/p>\n<p><a class=\"btn btn-secondary understrap-read-more-link\" href=\"https:\/\/us.edu.pl\/instytut\/ibbios\/2022\/09\/08\/stypendium-ministra-za-znaczace-osiagniecia-dla-studentow-na-rok-akademicki-2022-2023-informacje\/\">Read More&#8230;<\/a><\/p>\n","protected":false},"author":4825,"featured_media":4802,"comment_status":"open","ping_status":"open","sticky":false,"template":"","format":"standard","meta":{"_expiration-date-status":"","_expiration-date":0,"_expiration-date-type":"","_expiration-date-categories":[],"_expiration-date-options":[]},"categories":[13,9],"tags":[400,177,21,231,399],"acf":[],"_links":{"self":[{"href":"https:\/\/us.edu.pl\/instytut\/ibbios\/wp-json\/wp\/v2\/posts\/4798"}],"collection":[{"href":"https:\/\/us.edu.pl\/instytut\/ibbios\/wp-json\/wp\/v2\/posts"}],"about":[{"href":"https:\/\/us.edu.pl\/instytut\/ibbios\/wp-json\/wp\/v2\/types\/post"}],"author":[{"embeddable":true,"href":"https:\/\/us.edu.pl\/instytut\/ibbios\/wp-json\/wp\/v2\/users\/4825"}],"replies":[{"embeddable":true,"href":"https:\/\/us.edu.pl\/instytut\/ibbios\/wp-json\/wp\/v2\/comments?post=4798"}],"version-history":[{"count":1,"href":"https:\/\/us.edu.pl\/instytut\/ibbios\/wp-json\/wp\/v2\/posts\/4798\/revisions"}],"predecessor-version":[{"id":4803,"href":"https:\/\/us.edu.pl\/instytut\/ibbios\/wp-json\/wp\/v2\/posts\/4798\/revisions\/4803"}],"wp:featuredmedia":[{"embeddable":true,"href":"https:\/\/us.edu.pl\/instytut\/ibbios\/wp-json\/wp\/v2\/media\/4802"}],"wp:attachment":[{"href":"https:\/\/us.edu.pl\/instytut\/ibbios\/wp-json\/wp\/v2\/media?parent=4798"}],"wp:term":[{"taxonomy":"category","embeddable":true,"href":"https:\/\/us.edu.pl\/instytut\/ibbios\/wp-json\/wp\/v2\/categories?post=4798"},{"taxonomy":"post_tag","embeddable":true,"href":"https:\/\/us.edu.pl\/instytut\/ibbios\/wp-json\/wp\/v2\/tags?post=4798"}],"curies":[{"name":"wp","href":"https:\/\/api.w.org\/{rel}","templated":true}]}}