{"id":6600,"date":"2023-09-20T08:59:58","date_gmt":"2023-09-20T06:59:58","guid":{"rendered":"https:\/\/us.edu.pl\/instytut\/ibbios\/?p=6600"},"modified":"2023-09-20T08:59:58","modified_gmt":"2023-09-20T06:59:58","slug":"stypendium-ministra-edukacji-i-nauki-za-znaczace-osiagniecia-dla-studentow-na-rok-akademicki-2023-2024","status":"publish","type":"post","link":"https:\/\/us.edu.pl\/instytut\/ibbios\/2023\/09\/20\/stypendium-ministra-edukacji-i-nauki-za-znaczace-osiagniecia-dla-studentow-na-rok-akademicki-2023-2024\/","title":{"rendered":"Stypendium Ministra Edukacji i Nauki za znacz\u0105ce osi\u0105gni\u0119cia dla student\u00f3w na rok akademicki 2023\/2024"},"content":{"rendered":"<p>[vc_row][vc_column]\r\n                <div class=\"text-modules\">\r\n                    <div class=\"container\">\r\n                        \r\n                        <div class=\"text-modules__content\"><\/p>\n<p style=\"text-align: center;\"><strong>Informacja w sprawie trybu ubiegania si\u0119 o stypendium ministra<br \/>\nna rok akademicki 2023\/2024 dla student\u00f3w<\/strong><\/p>\n<p><strong>\u00a0<\/strong><\/p>\n<p>Na podstawie<strong>:<\/strong><\/p>\n<ul>\n<li>93, art. 359, art. 361 i art. 363 ustawy z dnia 20 lipca 2018 r. \u2013 Prawo o szkolnictwie wy\u017cszym i nauce (Dz. U. z 2023 r. poz. 742 z p\u00f3\u017an. zm.) oraz<\/li>\n<li>rozporz\u0105dzenia Ministra Nauki i Szkolnictwa Wy\u017cszego z dnia 1 kwietnia 2019 r. w sprawie stypendi\u00f3w ministra w\u0142a\u015bciwego do spraw szkolnictwa wy\u017cszego i nauki dla student\u00f3w i wybitnych m\u0142odych naukowc\u00f3w (Dz. U. z 2022 r. poz. 428).<\/li>\n<\/ul>\n<p><a href=\"https:\/\/isap.sejm.gov.pl\/isap.nsf\/DocDetails.xsp?id=WDU20220000428\">https:\/\/isap.sejm.gov.pl\/isap.nsf\/DocDetails.xsp?id=WDU20220000428<\/a><\/p>\n<p>oraz zgodnie z informacjami Ministerstwa Edukacji i Nauki z dnia 11 wrze\u015bnia 2023 roku:<\/p>\n<p><a href=\"https:\/\/www.gov.pl\/web\/edukacja-i-nauka\/informacja-na-temat-stypendiow-ministra-edukacji-i-nauki-za-znaczace-osiagniecia-dla-studentow-na-rok-akademicki-20232024-konkurs-sst04\">https:\/\/www.gov.pl\/web\/edukacja-i-nauka\/informacja-na-temat-stypendiow-ministra-edukacji-i-nauki-za-znaczace-osiagniecia-dla-studentow-na-rok-akademicki-20232024-konkurs-sst04<\/a><\/p>\n<p>wprowadza si\u0119 w Uniwersytecie \u015al\u0105skim nast\u0119puj\u0105cy <strong>tryb przedstawiania przez student\u00f3w kandydatur do stypendium ministra na rok 2023\/2024.<\/strong><\/p>\n<ol>\n<li>Student, kt\u00f3ry zamierza ubiega\u0107 si\u0119 o stypendium ministra na rok 2023\/2024 zobowi\u0105zany jest do uzyskania pozytywnej rekomendacji dziekana swojego wydzia\u0142u.<\/li>\n<li>W tym celu student sk\u0142ada do dziekana wydzia\u0142u za po\u015brednictwem dziekanatu pisemne \u201eZg\u0142oszenie kandydatury do stypendium ministra na rok 2023\/2024\u201d w wersji papierowej wg za\u0142\u0105czonego wzoru \u2013 <strong>do dnia 4 pa\u017adziernika br. <\/strong>Do zg\u0142oszenia student za\u0142\u0105cza dokumentacj\u0119 osi\u0105gni\u0119\u0107.<\/li>\n<\/ol>\n<p>Wykaz pracownik\u00f3w dziekanatu u kt\u00f3rych student sk\u0142ada swoje\u00a0<strong>zg\u0142oszenie:<\/strong><\/p>\n<ol>\n<li>Wydzia\u0142 Humanistyczny:\u00a0Mateusz G\u0119bka (Katowice), Agnieszka Urba\u0144czyk (Sosnowiec)<\/li>\n<li>Wydzia\u0142 Nauk Przyrodniczych:\u00a0Justyna Rogalska-Nowak (Sosnowiec), Zofia Kuglin (Katowice)<\/li>\n<li>Wydzia\u0142 Nauk Spo\u0142ecznych:\u00a0Beata Kalisz<\/li>\n<li>Wydzia\u0142 Nauk \u015acis\u0142ych i Technicznych:\u00a0Gra\u017cyna Dobrowolska (Katowice, Chorz\u00f3w), Marta Brysz-Michalska (Sosnowiec)<\/li>\n<li>Wydzia\u0142 Prawa i Administracji: Katarzyna Kliszcz<\/li>\n<li>Wydzia\u0142 Sztuki i Nauk o Edukacji:\u00a0Daria Krzywo\u0144<\/li>\n<li>Wydzia\u0142 Teologiczny:\u00a0Ewa Kostkiewicz, Agnieszka Setecka<\/li>\n<li>Szko\u0142a Filmowa im. K. Kie\u015blowskiego:\u00a0Patrycja Knapek<\/li>\n<li>Kolegium Indywidualnych Studi\u00f3w Mi\u0119dzywydzia\u0142owych:\u00a0Marta Zaforemska<\/li>\n<\/ol>\n<p>Ka\u017cdy z wymienionych pracownik\u00f3w przed przed\u0142o\u017ceniem zg\u0142oszenia kandydatury do dziekana potwierdza status studenta, jego dane osobowe, zaliczenie roku oraz wpis na kolejny rok studi\u00f3w.<\/p>\n<ol start=\"3\">\n<li>Dziekan wydzia\u0142u udzielaj\u0105c studentowi rekomendacji zobowi\u0105zany jest do merytorycznej oceny osi\u0105gni\u0119\u0107 przedstawionych przez studenta oraz prawid\u0142owo\u015bci dokumentacji zgodnie ze wskazanym Rozporz\u0105dzeniem MEiN. W procesie merytorycznej oceny osi\u0105gni\u0119\u0107 dziekan mo\u017ce zasi\u0119gn\u0105\u0107 opinii np. dyrektora instytutu, dyrektora kierunku lub innych naukowc\u00f3w uznanych w danej dziedzinie za ekspert\u00f3w.<\/li>\n<li>Dziekan po zapoznaniu si\u0119 ze <strong>\u201ezg\u0142oszeniem kandydatury do stypendium ministra na rok akademicki 2023\/2024\u201d<\/strong> oraz przedstawion\u0105 dokumentacj\u0105 zobowi\u0105zany jest do wydania opinii \u2013 czy przedstawione przez studenta osi\u0105gni\u0119cia maj\u0105 charakter znacz\u0105cy oraz s\u0105 zwi\u0105zane z odbywanymi przez niego studiami (z wy\u0142\u0105czeniem osi\u0105gni\u0119\u0107 sportowych). W przypadku, gdy przedstawione przez studenta osi\u0105gni\u0119cia nie b\u0119d\u0105 zgodne z katalogiem znacz\u0105cych osi\u0105gni\u0119\u0107, o kt\u00f3rych mowa w cyt. Rozporz\u0105dzeniu lub nie b\u0119d\u0105 zwi\u0105zane ze studiami opinia dziekana mo\u017ce by\u0107 negatywna.<\/li>\n<li>Dziekan jest zobowi\u0105zany wyda\u0107 studentowi rekomendacj\u0119 <strong>do 10 pa\u017adziernika 2023 roku.<\/strong><\/li>\n<li>Student, kt\u00f3ry uzyska\u0142 od dziekana pozytywn\u0105 rekomendacj\u0119 zg\u0142asza si\u0119 do Biura Studenckich Spraw Socjalnych w celu uruchomienia wniosku stypendialnego w systemie ZSUN\/OSF przez koordynatora uczelnianego, kt\u00f3ry rejestruje si\u0119 w systemie jako \u201eredaktor wniosk\u00f3w\u201d.<\/li>\n<li>Koordynatorami uczelni wyznaczonymi przez Rektora s\u0105 pracownicy Biura Studenckich Spraw Socjalnych:<\/li>\n<\/ol>\n<p><strong>Justyna Urba\u0144ska<\/strong> <a href=\"mailto:justyna.urbanska@us.edu.pl\">justyna.urbanska@us.edu.pl<\/a> oraz <strong>Agnieszka Cicho\u0144<\/strong> <a href=\"mailto:agnieszka.cichon@us.edu.pl\">agnieszka.cichon@us.edu.pl<\/a> <strong>tel. 32\u00a0359 20 46, Rektorat, ul. Bankowa 12, pok. 0.20 (parter)<\/strong><\/p>\n<ol start=\"8\">\n<li>Podczas osobistej wizyty studenta w BSSS (termin ustalony po wcze\u015bniejszym um\u00f3wieniu telefonicznym b\u0105d\u017a mejlowym) koordynator tworzy w systemie wniosek dla studenta przypisuj\u0105c mu rol\u0119 \u201e redaktora pomocniczego\u201d<\/li>\n<li>Student, po otrzymaniu od koordynatora loginu i has\u0142a do systemu OSF edytuje sw\u00f3j wniosek, w tym dane osobowe, opis osi\u0105gni\u0119\u0107 oraz za\u0142\u0105czniki. Po zako\u0144czeniu edycji wniosku student zawiadamia koordynatora. Ostateczny termin edycji wniosku up\u0142ywa w nieprzekraczalnym terminie <strong>do 16 pa\u017adziernika 2023 r. <\/strong><\/li>\n<li>Koordynator dokonuje sprawdzenia wniosku studenta jedynie pod wzgl\u0119dem formalnym, przedk\u0142ada go do podpisu Rektorowi oraz przesy\u0142a do Ministerstwa.<\/li>\n<\/ol>\n<p>\n<\/div>\r\n                    <\/div>\r\n                <\/div>\r\n                <div class=\"text-modules\">\r\n                    <div class=\"container\">\r\n                        \r\n                        <div class=\"text-modules__content\"><\/p>\n<hr \/>\n<p>Pliki:<\/p>\n<p>Za\u0142\u0105cznik 1. <a href=\"https:\/\/us.edu.pl\/instytut\/ibbios\/wp-content\/uploads\/sites\/36\/Bez-kategorii\/1.-_zal_nr_1_OSF_-_oswiadczenie_do_wniosku_RODO-2023-2024.docx\" class=\"mtli_attachment mtli_docx\" data-mtli=\"mtli_filesize17,42kB\" class=\"mtli_attachment mtli_docx\" data-mtli=\"mtli_filesize17,42kB\">O\u015bwiadczenie do wniosku RODO<\/a><br \/>\nZa\u0142\u0105cznik 2. <a href=\"https:\/\/us.edu.pl\/instytut\/ibbios\/wp-content\/uploads\/sites\/36\/Bez-kategorii\/2.-zalacznik-do-komunikatu-Zgloszenie-kandydatury-do-stypendium-ministra-2023-2024-zalacznik-do-komunikatu.docx\" class=\"mtli_attachment mtli_docx\" data-mtli=\"mtli_filesize20,29kB\" class=\"mtli_attachment mtli_docx\" data-mtli=\"mtli_filesize20,29kB\">Zg\u0142oszenie kandydatury do stypendium<\/a><br \/>\n<a href=\"https:\/\/us.edu.pl\/instytut\/ibbios\/wp-content\/uploads\/sites\/36\/Bez-kategorii\/Informacja-w-sprawie-trybu-ubiegania-sie-o-stypendium-ministra-2023-2024-pdf.pdf\" class=\"mtli_attachment mtli_pdf\" data-mtli=\"mtli_filesize163,57kB\" class=\"mtli_attachment mtli_pdf\" data-mtli=\"mtli_filesize163,57kB\">Informacja w sprawie trybu ubiegania si\u0119 o stypendium ministra 2023-2024 [PDF]<\/a><\/p>\n<style type=\"text\/css\">a[data-mtli~=\"mtli_filesize17,42kB\"]:after {content:\" (17,42 kB)\"}a[data-mtli~=\"mtli_filesize20,29kB\"]:after {content:\" (20,29 kB)\"}a[data-mtli~=\"mtli_filesize163,57kB\"]:after {content:\" (163,57 kB)\"}<\/style><\/div>\r\n                    <\/div>\r\n                <\/div>[\/vc_column][\/vc_row]<\/p>\n<style type=\"text\/css\">a[data-mtli~=\"mtli_filesize17,42kB\"]:after {content:\" (17,42 kB)\"}a[data-mtli~=\"mtli_filesize20,29kB\"]:after {content:\" (20,29 kB)\"}a[data-mtli~=\"mtli_filesize163,57kB\"]:after {content:\" (163,57 kB)\"}<\/style>","protected":false},"excerpt":{"rendered":"<p>[vc_row][vc_column][\/vc_column][\/vc_row] [&#8230;]<\/p>\n<p><a class=\"btn btn-secondary understrap-read-more-link\" href=\"https:\/\/us.edu.pl\/instytut\/ibbios\/2023\/09\/20\/stypendium-ministra-edukacji-i-nauki-za-znaczace-osiagniecia-dla-studentow-na-rok-akademicki-2023-2024\/\">Read More&#8230;<\/a><\/p>\n","protected":false},"author":6041,"featured_media":6604,"comment_status":"open","ping_status":"open","sticky":false,"template":"","format":"standard","meta":{"_expiration-date-status":"","_expiration-date":0,"_expiration-date-type":"","_expiration-date-categories":[],"_expiration-date-options":[]},"categories":[13,9],"tags":[817,400,21,231],"acf":[],"_links":{"self":[{"href":"https:\/\/us.edu.pl\/instytut\/ibbios\/wp-json\/wp\/v2\/posts\/6600"}],"collection":[{"href":"https:\/\/us.edu.pl\/instytut\/ibbios\/wp-json\/wp\/v2\/posts"}],"about":[{"href":"https:\/\/us.edu.pl\/instytut\/ibbios\/wp-json\/wp\/v2\/types\/post"}],"author":[{"embeddable":true,"href":"https:\/\/us.edu.pl\/instytut\/ibbios\/wp-json\/wp\/v2\/users\/6041"}],"replies":[{"embeddable":true,"href":"https:\/\/us.edu.pl\/instytut\/ibbios\/wp-json\/wp\/v2\/comments?post=6600"}],"version-history":[{"count":1,"href":"https:\/\/us.edu.pl\/instytut\/ibbios\/wp-json\/wp\/v2\/posts\/6600\/revisions"}],"predecessor-version":[{"id":6605,"href":"https:\/\/us.edu.pl\/instytut\/ibbios\/wp-json\/wp\/v2\/posts\/6600\/revisions\/6605"}],"wp:featuredmedia":[{"embeddable":true,"href":"https:\/\/us.edu.pl\/instytut\/ibbios\/wp-json\/wp\/v2\/media\/6604"}],"wp:attachment":[{"href":"https:\/\/us.edu.pl\/instytut\/ibbios\/wp-json\/wp\/v2\/media?parent=6600"}],"wp:term":[{"taxonomy":"category","embeddable":true,"href":"https:\/\/us.edu.pl\/instytut\/ibbios\/wp-json\/wp\/v2\/categories?post=6600"},{"taxonomy":"post_tag","embeddable":true,"href":"https:\/\/us.edu.pl\/instytut\/ibbios\/wp-json\/wp\/v2\/tags?post=6600"}],"curies":[{"name":"wp","href":"https:\/\/api.w.org\/{rel}","templated":true}]}}