{"id":8675,"date":"2025-03-12T15:59:23","date_gmt":"2025-03-12T14:59:23","guid":{"rendered":"https:\/\/us.edu.pl\/instytut\/ibbios\/?p=8675"},"modified":"2025-03-13T14:38:52","modified_gmt":"2025-03-13T13:38:52","slug":"zmarl-prof-zw-dr-hab-miroslaw-maluszynski","status":"publish","type":"post","link":"https:\/\/us.edu.pl\/instytut\/ibbios\/2025\/03\/12\/zmarl-prof-zw-dr-hab-miroslaw-maluszynski\/","title":{"rendered":"Zmar\u0142 prof. zw. dr hab. Miros\u0142aw Ma\u0142uszy\u0144ski"},"content":{"rendered":"<p>[vc_row][vc_column]\r\n                <div class=\"text-modules\">\r\n                    <div class=\"container\">\r\n                        \r\n                        <div class=\"text-modules__content\"><\/p>\n<p style=\"text-align: center;\"><span style=\"font-size: 12pt;\">Z g\u0142\u0119bokim \u017calem zawiadamiamy,<\/span><\/p>\n<p style=\"text-align: center;\"><span style=\"font-size: 12pt;\">\u017ce 11 marca 2025 roku<\/span><\/p>\n<p style=\"text-align: center;\"><span style=\"font-size: 12pt;\">zmar\u0142 w wieku 83 lat<\/span><\/p>\n<p style=\"text-align: center;\"><span style=\"font-size: 14pt;\"><strong>Prof. zw. dr hab. Miros\u0142aw Ma\u0142uszy\u0144ski<\/strong><\/span><\/p>\n<p style=\"text-align: center;\"><span style=\"font-size: 12pt;\">Wybitny uczony o \u015bwiatowej renomie,<\/span><\/p>\n<p style=\"text-align: center;\"><span style=\"font-size: 12pt;\">przez ponad 50 lat prowadz\u0105cy badania z zakresu genetyki ro\u015blin<\/span><\/p>\n<p style=\"text-align: center;\"><span style=\"font-size: 12pt;\">Za\u0142o\u017cyciel i wieloletni Kierownik<\/span><\/p>\n<p style=\"text-align: center;\"><span style=\"font-size: 12pt;\">Katedry Genetyki Wydzia\u0142u Biologii i Ochrony \u015arodowiska<\/span><\/p>\n<p style=\"text-align: center;\"><span style=\"font-size: 12pt;\">Uniwersytetu \u015al\u0105skiego w Katowicach<\/span><\/p>\n<p style=\"text-align: center;\"><span style=\"font-size: 12pt;\">Nauczyciel i mistrz wielu pokole\u0144 student\u00f3w i naukowc\u00f3w Uniwersytetu \u015al\u0105skiego i innych instytucji naukowych, z kt\u00f3rymi wsp\u00f3\u0142pracowa\u0142 w kraju i na \u015bwiecie<\/span><\/p>\n<p style=\"text-align: center;\"><span style=\"font-size: 12pt;\">\u017byczliwy i serdeczny przyjaciel wielu pracownik\u00f3w Wydzia\u0142u Biologii i Ochrony \u015arodowiska, z kt\u00f3rym by\u0142 nieprzerwanie zwi\u0105zany przez blisko 40 lat<\/span><\/p>\n<p style=\"text-align: center;\"><span style=\"font-size: 12pt;\">Dziekan Wydzia\u0142u Biologii i Ochrony \u015arodowiska w latach 1978-1982<\/span><\/p>\n<p style=\"text-align: center;\"><span style=\"font-size: 12pt;\">Wieloletni Kierownik sekcji Genetyki i Hodowli Ro\u015blin w Mi\u0119dzynarodowej Agencji Energii Atomowej (Plant Breeding and Genetics Section, Joint FAO\/IAEA Division, International Atomic Energy Agency, Vienna)<\/span><\/p>\n<p style=\"text-align: center;\"><span style=\"font-size: 12pt;\">Kierownik kilkudziesi\u0119ciu projekt\u00f3w z zakresu technik mutacyjnych i biotechnologii ro\u015blin, kt\u00f3re przyczyni\u0142y si\u0119 do uzyskania wielu nowych odmian ro\u015blin uprawnych w krajach rozwijaj\u0105cych si\u0119<\/span><\/p>\n<p style=\"text-align: center;\"><span style=\"font-size: 12pt;\">Za zas\u0142ugi dla <strong>podniesienia produkcji \u017cywno\u015bci i zwalczania g\u0142odu na \u015bwiecie,<\/strong> uhonorowany presti\u017cow\u0105 <strong>nagrod\u0105 IAEA Distinguished Service Awards \u2013<\/strong> \u201cFor outstanding work in plant mutation, a technology used as part of the world effort to alleviate hunger, poverty and food insecurity by producing crop varieties with higher yields and better resistance to drought, salinity and pests. The use of this nuclear technique has brought very great economic and social benefits to Member States of the Agency and FAO\u201d<\/span><\/p>\n<p style=\"text-align: center;\"><span style=\"font-size: 12pt;\">W osobie Pana Profesora stracili\u015bmy Cz\u0142owieka o nieprzeci\u0119tnej wiedzy, otwartym umy\u015ble, oryginalnej inwencji tw\u00f3rczej i intuicji naukowej, a tak\u017ce wielkiej etyce zawodowej <\/span><span style=\"font-size: 12pt;\">i niekwestionowanym autorytecie<\/span><\/p>\n<p style=\"text-align: center;\"><span style=\"font-size: 12pt;\"><strong>Rodzinie i Bliskim Zmar\u0142ego<\/strong><\/span><\/p>\n<p style=\"text-align: center;\"><span style=\"font-size: 12pt;\">wyrazy g\u0142\u0119bokiego wsp\u00f3\u0142czucia<\/span><\/p>\n<p style=\"text-align: center;\"><span style=\"font-size: 12pt;\">sk\u0142adaj\u0105<\/span><\/p>\n<p style=\"text-align: center;\"><span style=\"font-size: 12pt;\">Rada Naukowa Instytutu Biologii, Biotechnologii i Ochrony \u015arodowiska<\/span><\/p>\n<p style=\"text-align: center;\"><span style=\"font-size: 12pt;\">W\u0142adze Dzieka\u0144skie Wydzia\u0142u Nauk Przyrodniczych<\/span><\/p>\n<p style=\"text-align: center;\"><span style=\"font-size: 12pt;\">Uniwersytetu \u015al\u0105skiego w\u00a0Katowicach<\/span><\/p>\n<p style=\"text-align: center;\"><span style=\"font-size: 12pt;\">oraz pracownicy i studenci.<\/span><\/p>\n<p style=\"text-align: center;\"><span style=\"font-size: 12pt;\"><strong>\u00a0<\/strong><\/span><span style=\"font-size: 12pt;\"><strong>\u00a0<\/strong><\/span><\/p>\n<p style=\"text-align: center;\"><span style=\"font-size: 12pt;\"><strong>Uroczysto\u015bci \u017ca\u0142obne odb\u0119d\u0105 si\u0119 17 marca 2025 o godz. 12.00<br \/>\n<\/strong><\/span><span style=\"font-size: 12pt;\"><strong>w Kaplicy na Cmentarzu Komunalnym przy Alei Murckowskiej 9 w Katowicach.<\/strong><\/span><\/p>\n<p>&nbsp;<\/p>\n<p style=\"text-align: center;\"><span style=\"font-size: 12pt;\"><strong>Pogrzeb, poprzedzony po\u017cegnaniem Zmar\u0142ego w Domu Pogrzebowym Pruszy\u0144ski przy ul. Pow\u0105zkowskiej 14, odb\u0119dzie si\u0119 w dniu 20 marca 2025 roku o godz. 13.30 na Cmentarzu Stare Pow\u0105zki w Warszawie.<\/strong><\/span><\/p>\n<p>\n<\/div>\r\n                    <\/div>\r\n                <\/div>[vc_single_image image=&#8221;8676&#8243; img_size=&#8221;800&#215;600&#8243; alignment=&#8221;center&#8221;][\/vc_column][\/vc_row]<\/p>","protected":false},"excerpt":{"rendered":"<p>[vc_row][vc_column][vc_single_image image=&#8221;8676&#8243; img_size=&#8221;800&#215;600&#8243; alignment=&#8221;center&#8221;][\/vc_column][\/vc_row] [&#8230;]<\/p>\n<p><a class=\"btn btn-secondary understrap-read-more-link\" href=\"https:\/\/us.edu.pl\/instytut\/ibbios\/2025\/03\/12\/zmarl-prof-zw-dr-hab-miroslaw-maluszynski\/\">Read More&#8230;<\/a><\/p>\n","protected":false},"author":4825,"featured_media":2803,"comment_status":"open","ping_status":"open","sticky":false,"template":"","format":"standard","meta":{"_expiration-date-status":"","_expiration-date":0,"_expiration-date-type":"","_expiration-date-categories":[],"_expiration-date-options":[]},"categories":[13,8],"tags":[142,350,262,143],"acf":[],"_links":{"self":[{"href":"https:\/\/us.edu.pl\/instytut\/ibbios\/wp-json\/wp\/v2\/posts\/8675"}],"collection":[{"href":"https:\/\/us.edu.pl\/instytut\/ibbios\/wp-json\/wp\/v2\/posts"}],"about":[{"href":"https:\/\/us.edu.pl\/instytut\/ibbios\/wp-json\/wp\/v2\/types\/post"}],"author":[{"embeddable":true,"href":"https:\/\/us.edu.pl\/instytut\/ibbios\/wp-json\/wp\/v2\/users\/4825"}],"replies":[{"embeddable":true,"href":"https:\/\/us.edu.pl\/instytut\/ibbios\/wp-json\/wp\/v2\/comments?post=8675"}],"version-history":[{"count":9,"href":"https:\/\/us.edu.pl\/instytut\/ibbios\/wp-json\/wp\/v2\/posts\/8675\/revisions"}],"predecessor-version":[{"id":8699,"href":"https:\/\/us.edu.pl\/instytut\/ibbios\/wp-json\/wp\/v2\/posts\/8675\/revisions\/8699"}],"wp:featuredmedia":[{"embeddable":true,"href":"https:\/\/us.edu.pl\/instytut\/ibbios\/wp-json\/wp\/v2\/media\/2803"}],"wp:attachment":[{"href":"https:\/\/us.edu.pl\/instytut\/ibbios\/wp-json\/wp\/v2\/media?parent=8675"}],"wp:term":[{"taxonomy":"category","embeddable":true,"href":"https:\/\/us.edu.pl\/instytut\/ibbios\/wp-json\/wp\/v2\/categories?post=8675"},{"taxonomy":"post_tag","embeddable":true,"href":"https:\/\/us.edu.pl\/instytut\/ibbios\/wp-json\/wp\/v2\/tags?post=8675"}],"curies":[{"name":"wp","href":"https:\/\/api.w.org\/{rel}","templated":true}]}}