{"id":1629,"date":"2020-05-14T15:01:04","date_gmt":"2020-05-14T13:01:04","guid":{"rendered":"http:\/\/us.edu.pl\/instytut\/ifiz\/?p=1629"},"modified":"2020-05-14T15:01:39","modified_gmt":"2020-05-14T13:01:39","slug":"pocztowka-na-100-lecie-polskiego-towarzystwa-fizycznego","status":"publish","type":"post","link":"https:\/\/us.edu.pl\/instytut\/ifiz\/pocztowka-na-100-lecie-polskiego-towarzystwa-fizycznego\/","title":{"rendered":"Poczt\u00f3wka na 100-lecie Polskiego Towarzystwa Fizycznego"},"content":{"rendered":"<p>[vc_row][vc_column]\r\n                <div class=\"text-modules\">\r\n                    <div class=\"container\">\r\n                        \r\n                        <div class=\"text-modules__content\"><p>Senat Rzeczypospolitej Polskiej ustanowi\u0142 rok 2020 Rokiem Fizyki, w 100-lecie powstania Polskiego Towarzystwa Fizycznego. Ustanowienie przez Senat Rzeczypospolitej Polskiej roku 2020 Rokiem Fizyki jest uhonorowaniem polskich fizyk\u00f3w i ich osi\u0105gni\u0119\u0107, a tak\u017ce docenieniem cywilizacyjnego znaczenia tej dziedziny nauki.<\/p>\n<p>Poczta Polska z okazji 100-lecia Polskiego Towarzystwa Fizycznego wyda\u0142a kartk\u0119 pocztow\u0105 <a href=\"https:\/\/www.poczta-polska.pl\/hermes\/uploads\/2015\/05\/Kartka.jpg\">https:\/\/www.poczta-polska.pl\/hermes\/uploads\/2015\/05\/Kartka.jpg<\/a><\/p>\n<\/div>\r\n                    <\/div>\r\n                <\/div>[\/vc_column][\/vc_row]<\/p>","protected":false},"excerpt":{"rendered":"<p>[vc_row][vc_column][\/vc_column][\/vc_row] [&#8230;]<\/p>\n<p><a class=\"btn btn-secondary understrap-read-more-link\" href=\"https:\/\/us.edu.pl\/instytut\/ifiz\/pocztowka-na-100-lecie-polskiego-towarzystwa-fizycznego\/\">Read More&#8230;<\/a><\/p>\n","protected":false},"author":104,"featured_media":1630,"comment_status":"open","ping_status":"open","sticky":false,"template":"","format":"standard","meta":{"_expiration-date-status":"saved","_expiration-date":0,"_expiration-date-type":"","_expiration-date-categories":[],"_expiration-date-options":[]},"categories":[37],"tags":[],"acf":[],"_links":{"self":[{"href":"https:\/\/us.edu.pl\/instytut\/ifiz\/wp-json\/wp\/v2\/posts\/1629"}],"collection":[{"href":"https:\/\/us.edu.pl\/instytut\/ifiz\/wp-json\/wp\/v2\/posts"}],"about":[{"href":"https:\/\/us.edu.pl\/instytut\/ifiz\/wp-json\/wp\/v2\/types\/post"}],"author":[{"embeddable":true,"href":"https:\/\/us.edu.pl\/instytut\/ifiz\/wp-json\/wp\/v2\/users\/104"}],"replies":[{"embeddable":true,"href":"https:\/\/us.edu.pl\/instytut\/ifiz\/wp-json\/wp\/v2\/comments?post=1629"}],"version-history":[{"count":0,"href":"https:\/\/us.edu.pl\/instytut\/ifiz\/wp-json\/wp\/v2\/posts\/1629\/revisions"}],"wp:featuredmedia":[{"embeddable":true,"href":"https:\/\/us.edu.pl\/instytut\/ifiz\/wp-json\/wp\/v2\/media\/1630"}],"wp:attachment":[{"href":"https:\/\/us.edu.pl\/instytut\/ifiz\/wp-json\/wp\/v2\/media?parent=1629"}],"wp:term":[{"taxonomy":"category","embeddable":true,"href":"https:\/\/us.edu.pl\/instytut\/ifiz\/wp-json\/wp\/v2\/categories?post=1629"},{"taxonomy":"post_tag","embeddable":true,"href":"https:\/\/us.edu.pl\/instytut\/ifiz\/wp-json\/wp\/v2\/tags?post=1629"}],"curies":[{"name":"wp","href":"https:\/\/api.w.org\/{rel}","templated":true}]}}