{"id":6373,"date":"2026-04-27T14:19:10","date_gmt":"2026-04-27T12:19:10","guid":{"rendered":"https:\/\/us.edu.pl\/instytut\/ih\/?p=6373"},"modified":"2026-04-27T14:19:10","modified_gmt":"2026-04-27T12:19:10","slug":"dr-michal-faszcza-nowym-redaktorem-tematycznym-czasopisma-nuova-antologia-militare","status":"publish","type":"post","link":"https:\/\/us.edu.pl\/instytut\/ih\/2026\/04\/27\/dr-michal-faszcza-nowym-redaktorem-tematycznym-czasopisma-nuova-antologia-militare\/","title":{"rendered":"Dr Micha\u0142 Faszcza nowym redaktorem tematycznym czasopisma &#8222;Nuova Antologia Militare&#8221;"},"content":{"rendered":"<p>[vc_row][vc_column width=&#8221;2\/3&#8243;]\r\n                <div class=\"text-modules\">\r\n                    <div class=\"container\">\r\n                        \r\n                        <div class=\"text-modules__content\"><p>Milo nam poinformowa\u0107, \u017ce ukaza\u0142 si\u0119 nowy numer w\u0142oskiego czasopisma naukowego <strong>&#8222;Nuova Antologia Militare&#8221;<\/strong>. Jednym z redaktor\u00f3w tematycznych zosta\u0142 pracownik naszego Instytutu, <strong>dr Micha\u0142 Faszcza<\/strong>.<\/p>\n<p>Czasopismo online: <a href=\"https:\/\/www.nam-sism.org\/fascicoli\/NAM%20Fascicolo%20N%2026.%202026%20Storia%20Militare%20Antica%20&amp;%20Bizantina.pdf?fbclid=IwY2xjawRcMvNleHRuA2FlbQIxMABicmlkETFpa0RBREc5dE12ZG5qaDBTc3J0YwZhcHBfaWQQMjIyMDM5MTc4ODIwMDg5MgABHv1pJgov1_IZeqylocncpZ9VUtUtwzEdrVQO7gEtH65t0RNEg3jRsi_Q2YLm_aem_pakoeEFUzzBmNKOqQ80WNQ\">LINK<\/a><\/p>\n<\/div>\r\n                    <\/div>\r\n                <\/div>[\/vc_column][vc_column width=&#8221;1\/3&#8243;][\/vc_column][\/vc_row]<\/p>","protected":false},"excerpt":{"rendered":"<p>[vc_row][vc_column width=&#8221;2\/3&#8243;][\/vc_column][vc_column width=&#8221;1\/3&#8243;][\/vc_column][\/vc_row] [&#8230;]<\/p>\n<p><a class=\"btn btn-secondary understrap-read-more-link\" href=\"https:\/\/us.edu.pl\/instytut\/ih\/2026\/04\/27\/dr-michal-faszcza-nowym-redaktorem-tematycznym-czasopisma-nuova-antologia-militare\/\">Read More&#8230;<\/a><\/p>\n","protected":false},"author":2490,"featured_media":6374,"comment_status":"open","ping_status":"open","sticky":false,"template":"","format":"standard","meta":{"_expiration-date-status":"","_expiration-date":0,"_expiration-date-type":"","_expiration-date-categories":[],"_expiration-date-options":[]},"categories":[11],"tags":[],"acf":[],"_links":{"self":[{"href":"https:\/\/us.edu.pl\/instytut\/ih\/wp-json\/wp\/v2\/posts\/6373"}],"collection":[{"href":"https:\/\/us.edu.pl\/instytut\/ih\/wp-json\/wp\/v2\/posts"}],"about":[{"href":"https:\/\/us.edu.pl\/instytut\/ih\/wp-json\/wp\/v2\/types\/post"}],"author":[{"embeddable":true,"href":"https:\/\/us.edu.pl\/instytut\/ih\/wp-json\/wp\/v2\/users\/2490"}],"replies":[{"embeddable":true,"href":"https:\/\/us.edu.pl\/instytut\/ih\/wp-json\/wp\/v2\/comments?post=6373"}],"version-history":[{"count":1,"href":"https:\/\/us.edu.pl\/instytut\/ih\/wp-json\/wp\/v2\/posts\/6373\/revisions"}],"predecessor-version":[{"id":6375,"href":"https:\/\/us.edu.pl\/instytut\/ih\/wp-json\/wp\/v2\/posts\/6373\/revisions\/6375"}],"wp:featuredmedia":[{"embeddable":true,"href":"https:\/\/us.edu.pl\/instytut\/ih\/wp-json\/wp\/v2\/media\/6374"}],"wp:attachment":[{"href":"https:\/\/us.edu.pl\/instytut\/ih\/wp-json\/wp\/v2\/media?parent=6373"}],"wp:term":[{"taxonomy":"category","embeddable":true,"href":"https:\/\/us.edu.pl\/instytut\/ih\/wp-json\/wp\/v2\/categories?post=6373"},{"taxonomy":"post_tag","embeddable":true,"href":"https:\/\/us.edu.pl\/instytut\/ih\/wp-json\/wp\/v2\/tags?post=6373"}],"curies":[{"name":"wp","href":"https:\/\/api.w.org\/{rel}","templated":true}]}}