{"id":3225,"date":"2021-09-30T10:28:04","date_gmt":"2021-09-30T08:28:04","guid":{"rendered":"https:\/\/us.edu.pl\/instytut\/il\/?p=3225"},"modified":"2021-09-30T10:33:00","modified_gmt":"2021-09-30T08:33:00","slug":"seminarium-transkulturowosc-biografii-i-tworczosci-josepha-conrada-korzeniowskiego-relacja","status":"publish","type":"post","link":"https:\/\/us.edu.pl\/instytut\/il\/2021\/09\/30\/seminarium-transkulturowosc-biografii-i-tworczosci-josepha-conrada-korzeniowskiego-relacja\/","title":{"rendered":"Seminarium &#8222;Transkulturowo\u015b\u0107 biografii i tw\u00f3rczo\u015bci Josepha Conrada-Korzeniowskiego&#8230;&#8221; (relacja)"},"content":{"rendered":"<p>[vc_row][vc_column width=&#8221;2\/3&#8243;]\r\n                <div class=\"text-modules\">\r\n                    <div class=\"container\">\r\n                        \r\n                        <div class=\"text-modules__content\"><p><span style=\"font-size: 12pt;\">Dr hab. Agnieszka Adamowicz-Po\u015bpiech, prof. U\u015a zorganizowa\u0142a seminarium naukowe w Stacji Naukowej PAN w Pary\u017cu <\/span><span style=\"font-size: 12pt;\">na temat Josepha Conrada i sztuki wsp\u00f3\u0142czesnej: &#8222;T<\/span><span style=\"font-size: 12pt;\">ranskulturowo\u015b\u0107 biografii i tw\u00f3rczo\u015bci Josepha Conrada-Korzeniowskiego i jej oddzia\u0142ywanie na wsp\u00f3\u0142czesnych artyst\u00f3w&#8221;, kt\u00f3re odby\u0142o si\u0119 w dniach 16-17.09.2021 r. <\/span><\/p>\n<p><span style=\"font-size: 12pt;\">Joseph Conrad-Korzeniowski by\u0142 cz\u0142owiekiem trzech kultur: polskiej, francuskiej i angielskiej. Zar\u00f3wno jego biografia jak i dzie\u0142a inspirowa\u0142y i nadal inspiruj\u0105 wsp\u00f3\u0142czesnych artyst\u00f3w z r\u00f3\u017cnych dziedzin sztuki: literatury (r\u00f3wnie\u017c wizualnej, np. powie\u015bci graficzne, komiksy), filmu, teatru, muzyki, instalacji artystycznych, a nawet gier komputerowych. <\/span><\/p>\n<p><span style=\"font-size: 12pt;\">Celem sympozjum by\u0142o ukazanie i polpularyzacja dokona\u0144 arytst\u00f3w na mi\u0119dzynarodow\u0105 skal\u0119, poszerzenie wiedzy na temat \u00ab event\u00f3w \u00bb artystycznych (festiwale filmowe i literackie, sztuki teatralne, instalacje) zwi\u0105zanych z pisarzem w poszczeg\u00f3lnych pa\u0144stwach (kr\u0119gach kulturowych) oraz podkre\u015blenie polskiego zaplecza kulturowego pisarza.<\/span><\/p>\n<p>&nbsp;<\/p>\n<p><strong><span style=\"font-size: 12pt;\">Organizatorzy:<\/span><\/strong><\/p>\n<p><span style=\"font-size: 12pt;\">Uniwersytet \u015al\u0105ski w Katowicach<\/span><\/p>\n<p><span style=\"font-size: 12pt;\">Centre Scientifique Acad\u00e9mie Polonaise des Sciences, Paris<\/span><\/p>\n<p>&nbsp;<\/p>\n<p><strong><span style=\"font-size: 12pt;\">Fotorelacja z wydarzenia znajduje si\u0119 na stronie: <\/span><\/strong><span style=\"font-size: 12pt;\">[<a href=\"https:\/\/photos.google.com\/share\/AF1QipPE7J2erOjwbd5aoqILMPyKZ8e3AvBeblrRcdex162Lm5v-KGUjSTTOpmkIlzO-Sg?key=X0xzSGZFRVdmWlRadXhPMTM4OWNvTi1WRmdqM0lR\">link do strony<\/a>; j. polski], [<a href=\"https:\/\/photos.google.com\/share\/AF1QipPE7J2erOjwbd5aoqILMPyKZ8e3AvBeblrRcdex162Lm5v-KGUjSTTOpmkIlzO-Sg?key=X0xzSGZFRVdmWlRadXhPMTM4OWNvTi1WRmdqM0lR\">link do strony<\/a>; j. angielski].<\/span><\/p>\n<\/div>\r\n                    <\/div>\r\n                <\/div>[\/vc_column][vc_column width=&#8221;1\/3&#8243;]\r\n                <div class=\"text-modules\">\r\n                    <div class=\"container\">\r\n                        \r\n                        <div class=\"text-modules__content\"><\/p>\n<figure id=\"attachment_3226\" aria-describedby=\"caption-attachment-3226\" style=\"width: 400px\" class=\"wp-caption alignnone\"><img class=\"wp-image-3226\" src=\"https:\/\/us.edu.pl\/instytut\/il\/wp-content\/uploads\/sites\/27\/Nieprzypisane\/Photo-from-Natalia-Pstr\u0105g9-225x300.jpg\" alt=\"zdj\u0119cie uczestnik\u00f3w seminarium dot. J. Conrada\" width=\"400\" height=\"533\" srcset=\"https:\/\/us.edu.pl\/instytut\/il\/wp-content\/uploads\/sites\/27\/Nieprzypisane\/Photo-from-Natalia-Pstr\u0105g9-225x300.jpg 225w, https:\/\/us.edu.pl\/instytut\/il\/wp-content\/uploads\/sites\/27\/Nieprzypisane\/Photo-from-Natalia-Pstr\u0105g9-431x575.jpg 431w, https:\/\/us.edu.pl\/instytut\/il\/wp-content\/uploads\/sites\/27\/Nieprzypisane\/Photo-from-Natalia-Pstr\u0105g9.jpg 693w\" sizes=\"(max-width: 400px) 100vw, 400px\" \/><figcaption id=\"caption-attachment-3226\" class=\"wp-caption-text\"><span style=\"font-size: 8pt;\">\u0179r\u00f3d\u0142o: https:\/\/paris.pan.pl [N. Pstr\u0105g]<\/span><\/figcaption><\/figure>\n<\/div>\r\n                    <\/div>\r\n                <\/div>[\/vc_column][\/vc_row]<\/p>","protected":false},"excerpt":{"rendered":"<p>[vc_row][vc_column width=&#8221;2\/3&#8243;][\/vc_column][vc_column width=&#8221;1\/3&#8243;][\/vc_column][\/vc_row] [&#8230;]<\/p>\n<p><a class=\"btn btn-secondary understrap-read-more-link\" href=\"https:\/\/us.edu.pl\/instytut\/il\/2021\/09\/30\/seminarium-transkulturowosc-biografii-i-tworczosci-josepha-conrada-korzeniowskiego-relacja\/\">Read More&#8230;<\/a><\/p>\n","protected":false},"author":2113,"featured_media":2795,"comment_status":"open","ping_status":"open","sticky":false,"template":"","format":"standard","meta":{"_expiration-date-status":"saved","_expiration-date":0,"_expiration-date-type":"","_expiration-date-categories":[],"_expiration-date-options":[]},"categories":[9],"tags":[33,122,120,19],"acf":[],"_links":{"self":[{"href":"https:\/\/us.edu.pl\/instytut\/il\/wp-json\/wp\/v2\/posts\/3225"}],"collection":[{"href":"https:\/\/us.edu.pl\/instytut\/il\/wp-json\/wp\/v2\/posts"}],"about":[{"href":"https:\/\/us.edu.pl\/instytut\/il\/wp-json\/wp\/v2\/types\/post"}],"author":[{"embeddable":true,"href":"https:\/\/us.edu.pl\/instytut\/il\/wp-json\/wp\/v2\/users\/2113"}],"replies":[{"embeddable":true,"href":"https:\/\/us.edu.pl\/instytut\/il\/wp-json\/wp\/v2\/comments?post=3225"}],"version-history":[{"count":4,"href":"https:\/\/us.edu.pl\/instytut\/il\/wp-json\/wp\/v2\/posts\/3225\/revisions"}],"predecessor-version":[{"id":3230,"href":"https:\/\/us.edu.pl\/instytut\/il\/wp-json\/wp\/v2\/posts\/3225\/revisions\/3230"}],"wp:featuredmedia":[{"embeddable":true,"href":"https:\/\/us.edu.pl\/instytut\/il\/wp-json\/wp\/v2\/media\/2795"}],"wp:attachment":[{"href":"https:\/\/us.edu.pl\/instytut\/il\/wp-json\/wp\/v2\/media?parent=3225"}],"wp:term":[{"taxonomy":"category","embeddable":true,"href":"https:\/\/us.edu.pl\/instytut\/il\/wp-json\/wp\/v2\/categories?post=3225"},{"taxonomy":"post_tag","embeddable":true,"href":"https:\/\/us.edu.pl\/instytut\/il\/wp-json\/wp\/v2\/tags?post=3225"}],"curies":[{"name":"wp","href":"https:\/\/api.w.org\/{rel}","templated":true}]}}