{"id":9916,"date":"2025-05-09T15:08:18","date_gmt":"2025-05-09T13:08:18","guid":{"rendered":"https:\/\/us.edu.pl\/instytut\/ip\/?p=9916"},"modified":"2025-05-09T15:13:18","modified_gmt":"2025-05-09T13:13:18","slug":"artykul-w-european-journal-of-criminology","status":"publish","type":"post","link":"https:\/\/us.edu.pl\/instytut\/ip\/2025\/05\/09\/artykul-w-european-journal-of-criminology\/","title":{"rendered":"Artyku\u0142 w European Journal of Criminology"},"content":{"rendered":"<p>[vc_row][vc_column]\r\n                <div class=\"text-modules\">\r\n                    <div class=\"container\">\r\n                        \r\n                        <div class=\"text-modules__content\"><\/p>\n<p style=\"text-align: justify;\"><span style=\"font-size: 14pt;\">Dr Mariola Paruzel-Czachura, prof. U\u015a., wraz z mi\u0119dzynarodowym zespo\u0142em opublikowa\u0142a artyku\u0142 pt. \u201eMoral self-assessment after committing a crime: A study on men and women in prison with a control group.\u201d w czasopi\u015bmie <em>European Journal of Criminology<\/em>. <\/span><\/p>\n<p style=\"text-align: justify;\"><span style=\"font-size: 14pt;\">W opublikowanym badaniu por\u00f3wnano postrzeganie w\u0142asnej moralno\u015bci u os\u00f3b odbywaj\u0105cych kar\u0119 pozbawienia wolno\u015bci z grup\u0105 dobran\u0105 z populacji og\u00f3lnej. Skazani deklarowali nieco s\u0142absze poczucie wewn\u0119trznej moralno\u015bci, a zarazem wi\u0119ksz\u0105 gotowo\u015b\u0107 do jej publicznego akcentowania. Zmiany okaza\u0142y si\u0119 niewielkie, co wskazuje, \u017ce pope\u0142nienie przest\u0119pstwa nie musi radykalnie burzy\u0107 moralnego autoportretu. Badacze podkre\u015blaj\u0105, \u017ce mechanizmy tych subtelnych przesuni\u0119\u0107 wymagaj\u0105 dalszych, d\u0142ugofalowych analiz. Pe\u0142ny opis badania mo\u017cna znale\u017a\u0107 na stronie czasopisma. Badanie zosta\u0142o zrealizowane w ramach stypendium Bekkera (NAWA).<\/span><\/p>\n<p style=\"text-align: justify;\"><span style=\"font-size: 14pt;\"><strong>Cytacja:\u00a0<\/strong><\/span><\/p>\n<p style=\"text-align: justify;\"><span style=\"font-size: 14pt;\">Paruzel-Czachura, M., Blukacz, M., Vecina, M. L., &amp; Reed, A. (2025). Moral self-assessment after committing a crime: A study on men and women in prison with a control group. <em>European Journal of Criminology<\/em>, advanced online publication. <a href=\"https:\/\/doi.org\/10.1177\/14773708251324992\">https:\/\/doi.org\/10.1177\/14773708251324992<\/a><\/span><\/p>\n<p>\n<\/div>\r\n                    <\/div>\r\n                <\/div>[\/vc_column][\/vc_row]<\/p>","protected":false},"excerpt":{"rendered":"<p>[vc_row][vc_column][\/vc_column][\/vc_row] [&#8230;]<\/p>\n<p><a class=\"btn btn-secondary understrap-read-more-link\" href=\"https:\/\/us.edu.pl\/instytut\/ip\/2025\/05\/09\/artykul-w-european-journal-of-criminology\/\">Read More&#8230;<\/a><\/p>\n","protected":false},"author":6627,"featured_media":9928,"comment_status":"open","ping_status":"open","sticky":false,"template":"","format":"standard","meta":{"_expiration-date-status":"","_expiration-date":0,"_expiration-date-type":"","_expiration-date-categories":[],"_expiration-date-options":[]},"categories":[1,17,9],"tags":[],"acf":[],"_links":{"self":[{"href":"https:\/\/us.edu.pl\/instytut\/ip\/wp-json\/wp\/v2\/posts\/9916"}],"collection":[{"href":"https:\/\/us.edu.pl\/instytut\/ip\/wp-json\/wp\/v2\/posts"}],"about":[{"href":"https:\/\/us.edu.pl\/instytut\/ip\/wp-json\/wp\/v2\/types\/post"}],"author":[{"embeddable":true,"href":"https:\/\/us.edu.pl\/instytut\/ip\/wp-json\/wp\/v2\/users\/6627"}],"replies":[{"embeddable":true,"href":"https:\/\/us.edu.pl\/instytut\/ip\/wp-json\/wp\/v2\/comments?post=9916"}],"version-history":[{"count":1,"href":"https:\/\/us.edu.pl\/instytut\/ip\/wp-json\/wp\/v2\/posts\/9916\/revisions"}],"predecessor-version":[{"id":9922,"href":"https:\/\/us.edu.pl\/instytut\/ip\/wp-json\/wp\/v2\/posts\/9916\/revisions\/9922"}],"wp:featuredmedia":[{"embeddable":true,"href":"https:\/\/us.edu.pl\/instytut\/ip\/wp-json\/wp\/v2\/media\/9928"}],"wp:attachment":[{"href":"https:\/\/us.edu.pl\/instytut\/ip\/wp-json\/wp\/v2\/media?parent=9916"}],"wp:term":[{"taxonomy":"category","embeddable":true,"href":"https:\/\/us.edu.pl\/instytut\/ip\/wp-json\/wp\/v2\/categories?post=9916"},{"taxonomy":"post_tag","embeddable":true,"href":"https:\/\/us.edu.pl\/instytut\/ip\/wp-json\/wp\/v2\/tags?post=9916"}],"curies":[{"name":"wp","href":"https:\/\/api.w.org\/{rel}","templated":true}]}}